{"id":9588,"date":"2016-05-26T13:57:18","date_gmt":"2016-05-26T16:57:18","guid":{"rendered":"https:\/\/www.dentalpress.com.br\/portal\/?p=9588"},"modified":"2016-05-30T14:08:34","modified_gmt":"2016-05-30T17:08:34","slug":"reabsorcoes-dentarias-e-tema-de-aula-de-alberto-consolaro","status":"publish","type":"post","link":"https:\/\/dentalpress.com.br\/portal\/reabsorcoes-dentarias-e-tema-de-aula-de-alberto-consolaro\/","title":{"rendered":"Reabsor\u00e7\u00f5es dent\u00e1rias \u00e9 tema de aula de Alberto Consolaro"},"content":{"rendered":"<p><a href=\"https:\/\/dentalpress.com.br\/portal\/wp-content\/uploads\/2016\/05\/consolaro.jpg\"><img fetchpriority=\"high\" decoding=\"async\" class=\"alignleft size-full wp-image-9589\" src=\"https:\/\/dentalpress.com.br\/portal\/wp-content\/uploads\/2016\/05\/consolaro.jpg\" alt=\"consolaro\" width=\"275\" height=\"183\" \/><\/a>O professor Dr. Alberto Consolaro, da Faculdade de Odontologia de Bauru (FOB-USP) falou sobre reabsor\u00e7\u00f5es dent\u00e1rias em sua aula na 18\u00aa turma do <a href=\"https:\/\/dentalpress.com.br\/portal\/excelencia-em-ortodontia-2\/\">Excel\u00eancia<\/a> na <a href=\"https:\/\/dentalpress.com.br\/portal\/excelencia-em-alinhadores-e-ortodontia-digital-2\/\">Ortodontia<\/a>, na quinta-feira (26). Os participantes puderam entender por que os <a href=\"https:\/\/dentalpress.com.br\/portal\/curso-de-aperfeicoamento-em-cirurgia-de-dentes-retidos\/\">dentes<\/a> sofrem reabsor\u00e7\u00f5es dent\u00e1rias e como podem evit\u00e1-las na pr\u00e1tica ortod\u00f4ntica.<\/p>\n<p>Alberto Consolaro \u00e9 refer\u00eancia nacional em patologia bucal. Autor de cinco livros editados pela Dental Press, ele \u00e9 parceiro da editora em diversos projetos. Saiba mais sobre o professor <a href=\"http:\/\/www.consolaro.com.br\/2014\/\" target=\"_blank\">aqui<\/a>.<\/p>\n","protected":false},"excerpt":{"rendered":"<p>O professor Dr. Alberto Consolaro, da Faculdade de Odontologia de Bauru (FOB-USP) falou sobre reabsor\u00e7\u00f5es dent\u00e1rias em sua aula na 18\u00aa turma do Excel\u00eancia na Ortodontia, na quinta-feira (26). Os participantes puderam entender por que os dentes sofrem reabsor\u00e7\u00f5es dent\u00e1rias e como podem evit\u00e1-las na pr\u00e1tica ortod\u00f4ntica. Alberto Consolaro \u00e9 refer\u00eancia nacional em patologia bucal.<\/p>\n","protected":false},"author":11,"featured_media":9589,"comment_status":"open","ping_status":"closed","sticky":false,"template":"","format":"standard","meta":{"footnotes":""},"categories":[],"tags":[],"class_list":["post-9588","post","type-post","status-publish","format-standard","has-post-thumbnail"],"aioseo_notices":[],"amp_enabled":true,"_links":{"self":[{"href":"https:\/\/dentalpress.com.br\/portal\/wp-json\/wp\/v2\/posts\/9588","targetHints":{"allow":["GET"]}}],"collection":[{"href":"https:\/\/dentalpress.com.br\/portal\/wp-json\/wp\/v2\/posts"}],"about":[{"href":"https:\/\/dentalpress.com.br\/portal\/wp-json\/wp\/v2\/types\/post"}],"author":[{"embeddable":true,"href":"https:\/\/dentalpress.com.br\/portal\/wp-json\/wp\/v2\/users\/11"}],"replies":[{"embeddable":true,"href":"https:\/\/dentalpress.com.br\/portal\/wp-json\/wp\/v2\/comments?post=9588"}],"version-history":[{"count":0,"href":"https:\/\/dentalpress.com.br\/portal\/wp-json\/wp\/v2\/posts\/9588\/revisions"}],"wp:featuredmedia":[{"embeddable":true,"href":"https:\/\/dentalpress.com.br\/portal\/wp-json\/wp\/v2\/media\/9589"}],"wp:attachment":[{"href":"https:\/\/dentalpress.com.br\/portal\/wp-json\/wp\/v2\/media?parent=9588"}],"wp:term":[{"taxonomy":"category","embeddable":true,"href":"https:\/\/dentalpress.com.br\/portal\/wp-json\/wp\/v2\/categories?post=9588"},{"taxonomy":"post_tag","embeddable":true,"href":"https:\/\/dentalpress.com.br\/portal\/wp-json\/wp\/v2\/tags?post=9588"}],"curies":[{"name":"wp","href":"https:\/\/api.w.org\/{rel}","templated":true}]}}