{"id":9568,"date":"2016-05-25T18:38:40","date_gmt":"2016-05-25T21:38:40","guid":{"rendered":"https:\/\/www.dentalpress.com.br\/portal\/?p=9568"},"modified":"2016-05-30T14:09:59","modified_gmt":"2016-05-30T17:09:59","slug":"dr-marcos-janson-ministra-aula-na-dental-press","status":"publish","type":"post","link":"https:\/\/dentalpress.com.br\/portal\/dr-marcos-janson-ministra-aula-na-dental-press\/","title":{"rendered":"Dr. Marcos Janson ministra aula na Dental Press"},"content":{"rendered":"<p style=\"text-align: justify;\"><a href=\"https:\/\/dentalpress.com.br\/portal\/wp-content\/uploads\/2016\/05\/mg_4787_27149971282_o.jpg\"><img fetchpriority=\"high\" decoding=\"async\" class=\"alignright wp-image-9569 size-medium\" src=\"https:\/\/dentalpress.com.br\/portal\/wp-content\/uploads\/2016\/05\/mg_4787_27149971282_o-300x200.jpg\" alt=\"_mg_4787_27149971282_o\" width=\"300\" height=\"200\" srcset=\"\/wp-content\/uploads\/2016\/05\/mg_4787_27149971282_o-300x200.jpg 300w, \/wp-content\/uploads\/2016\/05\/mg_4787_27149971282_o-768x512.jpg 768w, \/wp-content\/uploads\/2016\/05\/mg_4787_27149971282_o-1024x683.jpg 1024w, \/wp-content\/uploads\/2016\/05\/mg_4787_27149971282_o-1170x780.jpg 1170w, \/wp-content\/uploads\/2016\/05\/mg_4787_27149971282_o-585x390.jpg 585w\" sizes=\"(max-width: 300px) 100vw, 300px\" \/><\/a>O professor Dr. Marcos Janson, autor dos sucessos editoriais\u00a0<em>Ortodontia em Adultos e Tratamento Interdisciplinar <\/em>e\u00a0<em>Ortodontia Objetiva &#8211; Mec\u00e2nica, El\u00e1sticos Intermaxilares e Finaliza\u00e7\u00e3o,<\/em> ambos editados pela Dental Press, ministrou aula nesta quinta-feira (25) aos participantes do 18\u00ba Excel\u00eancia na Ortodontia.\u00a0Ele\u00a0abordou um assunto que frequentemente gera d\u00favidas entre os ortodontistas, o tratamento orto-periodontal.<\/p>\n<p style=\"text-align: justify;\">Graduado\u00a0em Odontologia pela Universidade Paulista (UNIP- S\u00e3o Paulo), Marcos Janson \u00e9 Especialista e Mestre em Ortodontia pela Faculdade de Odontologia de Bauru (FOB-USP), Professor e Coordenador do <a href=\"https:\/\/dentalpress.com.br\/portal\/como-inserir-lasers-de-baixa-e-alta-potencia-na-rotina-clinica\/\">Curso<\/a> de Especializa\u00e7\u00e3o em Ortodontia da CIODONTO &#8211; Sert\u00e3ozinho-SP e revisor Cient\u00edfico do American Journal of Orthodontics and Dentofacial Orthopedics (AJO-DO).<\/p>\n<p style=\"text-align: justify;\">Em outubro desde ano, seu famoso grupo de estudos chega \u00e0 Dental Press. As inscri\u00e7\u00f5es est\u00e3o abertas e as vagas s\u00e3o limitadas. Saiba mais <a href=\"http:\/\/www.dentalpresscursos.com\/#!gruposdeestudoscomodrmarcosjanson\/o0cf7\" target=\"_blank\">aqui<\/a>.<\/p>\n<p>&nbsp;<\/p>\n","protected":false},"excerpt":{"rendered":"<p>O professor Dr. Marcos Janson, autor dos sucessos editoriais\u00a0Ortodontia em Adultos e Tratamento Interdisciplinar e\u00a0Ortodontia Objetiva &#8211; Mec\u00e2nica, El\u00e1sticos Intermaxilares e Finaliza\u00e7\u00e3o, ambos editados pela Dental Press, ministrou aula nesta quinta-feira (25) aos participantes do 18\u00ba Excel\u00eancia na Ortodontia.\u00a0Ele\u00a0abordou um assunto que frequentemente gera d\u00favidas entre os ortodontistas, o tratamento orto-periodontal. Graduado\u00a0em Odontologia pela Universidade<\/p>\n","protected":false},"author":11,"featured_media":9569,"comment_status":"open","ping_status":"closed","sticky":false,"template":"","format":"standard","meta":{"footnotes":""},"categories":[],"tags":[],"class_list":["post-9568","post","type-post","status-publish","format-standard","has-post-thumbnail"],"aioseo_notices":[],"amp_enabled":true,"_links":{"self":[{"href":"https:\/\/dentalpress.com.br\/portal\/wp-json\/wp\/v2\/posts\/9568","targetHints":{"allow":["GET"]}}],"collection":[{"href":"https:\/\/dentalpress.com.br\/portal\/wp-json\/wp\/v2\/posts"}],"about":[{"href":"https:\/\/dentalpress.com.br\/portal\/wp-json\/wp\/v2\/types\/post"}],"author":[{"embeddable":true,"href":"https:\/\/dentalpress.com.br\/portal\/wp-json\/wp\/v2\/users\/11"}],"replies":[{"embeddable":true,"href":"https:\/\/dentalpress.com.br\/portal\/wp-json\/wp\/v2\/comments?post=9568"}],"version-history":[{"count":0,"href":"https:\/\/dentalpress.com.br\/portal\/wp-json\/wp\/v2\/posts\/9568\/revisions"}],"wp:featuredmedia":[{"embeddable":true,"href":"https:\/\/dentalpress.com.br\/portal\/wp-json\/wp\/v2\/media\/9569"}],"wp:attachment":[{"href":"https:\/\/dentalpress.com.br\/portal\/wp-json\/wp\/v2\/media?parent=9568"}],"wp:term":[{"taxonomy":"category","embeddable":true,"href":"https:\/\/dentalpress.com.br\/portal\/wp-json\/wp\/v2\/categories?post=9568"},{"taxonomy":"post_tag","embeddable":true,"href":"https:\/\/dentalpress.com.br\/portal\/wp-json\/wp\/v2\/tags?post=9568"}],"curies":[{"name":"wp","href":"https:\/\/api.w.org\/{rel}","templated":true}]}}