{"id":9557,"date":"2016-05-28T08:10:34","date_gmt":"2016-05-28T11:10:34","guid":{"rendered":"https:\/\/www.dentalpress.com.br\/portal\/?p=9557"},"modified":"2016-05-25T17:55:22","modified_gmt":"2016-05-25T20:55:22","slug":"pergunte-a-um-expert-marcos-janson-responde-parte-1","status":"publish","type":"post","link":"https:\/\/dentalpress.com.br\/portal\/pergunte-a-um-expert-marcos-janson-responde-parte-1\/","title":{"rendered":"Pergunte a um Expert &#8211; Marcos Janson responde &#8211; Parte 1"},"content":{"rendered":"<p style=\"text-align: justify;\">Considerando a grande demanda de pacientes adultos em busca de\u00a0tratamento ortod\u00f4ntico nos dias atuais, com fins est\u00e9ticos ou funcionais,\u00a0freq\u00fcentemente nos deparamos com situa\u00e7\u00f5es que requerem a interrela\u00e7\u00e3o\u00a0com outras \u00e1reas da Odontologia como, por exemplo, os problemas\u00a0periodontais, a presen\u00e7a de desgastes dent\u00e1rios, restaura\u00e7\u00f5es irregulares\u00a0e aus\u00eancia de um ou mais <a href=\"https:\/\/dentalpress.com.br\/portal\/curso-de-aperfeicoamento-em-cirurgia-de-dentes-retidos\/\">dentes<\/a>. Que, al\u00e9m de dificultarem a visualiza\u00e7\u00e3o\u00a0sagital do problema, necessitam de procedimentos adicionais de outras\u00a0especialidades que devem ocorrer previamente, durante ou ap\u00f3s a <a href=\"https:\/\/dentalpress.com.br\/portal\/excelencia-em-ortodontia-2\/\">Ortodontia<\/a>.\u00a0Nestes casos, como \u00e9 realizada a comunica\u00e7\u00e3o com os outros profissionais\u00a0envolvidos? Qual a conduta ortod\u00f4ntica no tratamento de pacientes adultos\u00a0com envolvimento periodontal? Quais as limita\u00e7\u00f5es e possibilidades de\u00a0tratamento? Qual seria a sequ\u00eancia l\u00f3gica no planejamento destes pacientes\u00a0e daqueles que necessitar\u00e3o de restaura\u00e7\u00f5es prot\u00e9ticas convencionais ou\u00a0com implantes?<\/p>\n<p style=\"text-align: right;\">\nRosely Suguino<\/p>\n<p style=\"text-align: justify;\">LEIA O ARTIGO NA \u00cdNTEGRA\u00a0<a href=\"https:\/\/dentalpress.com.br\/portal\/wp-content\/uploads\/2016\/05\/perg_expert.pdf\">AQUI<\/a>.<\/p>\n","protected":false},"excerpt":{"rendered":"<p>Considerando a grande demanda de pacientes adultos em busca de\u00a0tratamento ortod\u00f4ntico nos dias atuais, com fins est\u00e9ticos ou funcionais,\u00a0freq\u00fcentemente nos deparamos com situa\u00e7\u00f5es que requerem a interrela\u00e7\u00e3o\u00a0com outras \u00e1reas da Odontologia como, por exemplo, os problemas\u00a0periodontais, a presen\u00e7a de desgastes dent\u00e1rios, restaura\u00e7\u00f5es irregulares\u00a0e aus\u00eancia de um ou mais dentes. Que, al\u00e9m de dificultarem a visualiza\u00e7\u00e3o\u00a0sagital<\/p>\n","protected":false},"author":11,"featured_media":9559,"comment_status":"open","ping_status":"closed","sticky":false,"template":"","format":"standard","meta":{"footnotes":""},"categories":[],"tags":[],"class_list":["post-9557","post","type-post","status-publish","format-standard","has-post-thumbnail"],"aioseo_notices":[],"amp_enabled":true,"_links":{"self":[{"href":"https:\/\/dentalpress.com.br\/portal\/wp-json\/wp\/v2\/posts\/9557","targetHints":{"allow":["GET"]}}],"collection":[{"href":"https:\/\/dentalpress.com.br\/portal\/wp-json\/wp\/v2\/posts"}],"about":[{"href":"https:\/\/dentalpress.com.br\/portal\/wp-json\/wp\/v2\/types\/post"}],"author":[{"embeddable":true,"href":"https:\/\/dentalpress.com.br\/portal\/wp-json\/wp\/v2\/users\/11"}],"replies":[{"embeddable":true,"href":"https:\/\/dentalpress.com.br\/portal\/wp-json\/wp\/v2\/comments?post=9557"}],"version-history":[{"count":0,"href":"https:\/\/dentalpress.com.br\/portal\/wp-json\/wp\/v2\/posts\/9557\/revisions"}],"wp:featuredmedia":[{"embeddable":true,"href":"https:\/\/dentalpress.com.br\/portal\/wp-json\/wp\/v2\/media\/9559"}],"wp:attachment":[{"href":"https:\/\/dentalpress.com.br\/portal\/wp-json\/wp\/v2\/media?parent=9557"}],"wp:term":[{"taxonomy":"category","embeddable":true,"href":"https:\/\/dentalpress.com.br\/portal\/wp-json\/wp\/v2\/categories?post=9557"},{"taxonomy":"post_tag","embeddable":true,"href":"https:\/\/dentalpress.com.br\/portal\/wp-json\/wp\/v2\/tags?post=9557"}],"curies":[{"name":"wp","href":"https:\/\/api.w.org\/{rel}","templated":true}]}}