{"id":9553,"date":"2016-05-27T08:15:30","date_gmt":"2016-05-27T11:15:30","guid":{"rendered":"https:\/\/www.dentalpress.com.br\/portal\/?p=9553"},"modified":"2016-05-25T17:36:27","modified_gmt":"2016-05-25T20:36:27","slug":"corticotomias-alveolares-na-ortodontia-indicacoes-e-efeitos-na-movimentacao-dentaria","status":"publish","type":"post","link":"https:\/\/dentalpress.com.br\/portal\/corticotomias-alveolares-na-ortodontia-indicacoes-e-efeitos-na-movimentacao-dentaria\/","title":{"rendered":"Corticotomias alveolares na Ortodontia: indica\u00e7\u00f5es e efeitos na movimenta\u00e7\u00e3o dent\u00e1ria"},"content":{"rendered":"<p style=\"text-align: justify;\">Dauro Douglas Oliveira, Bruno Franco de Oliveira, Rodrigo Villamarim Soares<\/p>\n<p style=\"text-align: justify;\"><strong>Resumo<\/strong><\/p>\n<p style=\"text-align: justify;\"><strong>Introdu\u00e7\u00e3o:<\/strong> a busca pelo aumento na efici\u00eancia dos tratamentos ortod\u00f4nticos \u00e9 uma constante\u00a0em diversas \u00e1reas da <a href=\"https:\/\/dentalpress.com.br\/portal\/excelencia-em-ortodontia-2\/\">Ortodontia<\/a> atual. A realiza\u00e7\u00e3o de corticotomias alveolares pouco\u00a0antes da aplica\u00e7\u00e3o de for\u00e7as ortod\u00f4nticas vem sendo sugerida como uma forma de potencializar\u00a0a movimenta\u00e7\u00e3o dent\u00e1ria e, consequentemente, o tratamento ortod\u00f4ntico como um\u00a0todo. <strong>Objetivo:<\/strong> o presente artigo rev\u00ea a perspectiva hist\u00f3rica dessa abordagem terap\u00eautica,\u00a0apresenta e ilustra com casos cl\u00ednicos suas principais indica\u00e7\u00f5es e, por fim, discute os fundamentos\u00a0biol\u00f3gicos que justificam sua utiliza\u00e7\u00e3o.<\/p>\n<p style=\"text-align: justify;\">LEIA O ARTIGO NA \u00cdNTEGRA\u00a0<a href=\"https:\/\/dentalpress.com.br\/portal\/wp-content\/uploads\/2016\/05\/19.pdf\">AQUI<\/a>.<\/p>\n","protected":false},"excerpt":{"rendered":"<p>Dauro Douglas Oliveira, Bruno Franco de Oliveira, Rodrigo Villamarim Soares Resumo Introdu\u00e7\u00e3o: a busca pelo aumento na efici\u00eancia dos tratamentos ortod\u00f4nticos \u00e9 uma constante\u00a0em diversas \u00e1reas da Ortodontia atual. A realiza\u00e7\u00e3o de corticotomias alveolares pouco\u00a0antes da aplica\u00e7\u00e3o de for\u00e7as ortod\u00f4nticas vem sendo sugerida como uma forma de potencializar\u00a0a movimenta\u00e7\u00e3o dent\u00e1ria e, consequentemente, o tratamento ortod\u00f4ntico<\/p>\n","protected":false},"author":11,"featured_media":9555,"comment_status":"open","ping_status":"closed","sticky":false,"template":"","format":"standard","meta":{"footnotes":""},"categories":[],"tags":[],"class_list":["post-9553","post","type-post","status-publish","format-standard","has-post-thumbnail"],"aioseo_notices":[],"amp_enabled":true,"_links":{"self":[{"href":"https:\/\/dentalpress.com.br\/portal\/wp-json\/wp\/v2\/posts\/9553","targetHints":{"allow":["GET"]}}],"collection":[{"href":"https:\/\/dentalpress.com.br\/portal\/wp-json\/wp\/v2\/posts"}],"about":[{"href":"https:\/\/dentalpress.com.br\/portal\/wp-json\/wp\/v2\/types\/post"}],"author":[{"embeddable":true,"href":"https:\/\/dentalpress.com.br\/portal\/wp-json\/wp\/v2\/users\/11"}],"replies":[{"embeddable":true,"href":"https:\/\/dentalpress.com.br\/portal\/wp-json\/wp\/v2\/comments?post=9553"}],"version-history":[{"count":0,"href":"https:\/\/dentalpress.com.br\/portal\/wp-json\/wp\/v2\/posts\/9553\/revisions"}],"wp:featuredmedia":[{"embeddable":true,"href":"https:\/\/dentalpress.com.br\/portal\/wp-json\/wp\/v2\/media\/9555"}],"wp:attachment":[{"href":"https:\/\/dentalpress.com.br\/portal\/wp-json\/wp\/v2\/media?parent=9553"}],"wp:term":[{"taxonomy":"category","embeddable":true,"href":"https:\/\/dentalpress.com.br\/portal\/wp-json\/wp\/v2\/categories?post=9553"},{"taxonomy":"post_tag","embeddable":true,"href":"https:\/\/dentalpress.com.br\/portal\/wp-json\/wp\/v2\/tags?post=9553"}],"curies":[{"name":"wp","href":"https:\/\/api.w.org\/{rel}","templated":true}]}}