{"id":9535,"date":"2016-05-25T17:15:28","date_gmt":"2016-05-25T20:15:28","guid":{"rendered":"https:\/\/www.dentalpress.com.br\/portal\/?p=9535"},"modified":"2016-05-25T18:40:56","modified_gmt":"2016-05-25T21:40:56","slug":"analise-da-proporcao-larguraaltura-e-zenite-gengival-em-pacientes-com-agenesia-bilateral-do-incisivo-lateral-superior","status":"publish","type":"post","link":"https:\/\/dentalpress.com.br\/portal\/analise-da-proporcao-larguraaltura-e-zenite-gengival-em-pacientes-com-agenesia-bilateral-do-incisivo-lateral-superior\/","title":{"rendered":"An\u00e1lise da propor\u00e7\u00e3o largura\/altura e z\u00eanite gengival em  pacientes com agenesia bilateral do incisivo lateral superior"},"content":{"rendered":"<p>N\u00fabia Inocencya Pavesi Pini, Luciana Manzotti De-Marchi, Bruno Fraz\u00e3o Gribel, Adilson Luiz Ramos, Laurindo Zanco Furquim, Renata Corr\u00eaa Pascotto.<\/p>\n<p style=\"text-align: justify;\"><strong><img fetchpriority=\"high\" decoding=\"async\" class=\"size-full wp-image-9536 aligncenter\" src=\"https:\/\/dentalpress.com.br\/portal\/wp-content\/uploads\/2016\/05\/v17n5.jpg\" alt=\"v17n5\" width=\"543\" height=\"237\" srcset=\"\/wp-content\/uploads\/2016\/05\/v17n5.jpg 543w, \/wp-content\/uploads\/2016\/05\/v17n5-300x131.jpg 300w\" sizes=\"(max-width: 543px) 100vw, 543px\" \/><\/strong><\/p>\n<p style=\"text-align: justify;\"><strong>Objetivo:<\/strong> o prop\u00f3sito desse estudo foi analisar, por meio de modelos de estudo e paqu\u00edmetro <a href=\"https:\/\/dentalpress.com.br\/portal\/excelencia-em-alinhadores-e-ortodontia-digital-2\/\">digital<\/a>, a propor\u00e7\u00e3o largura\/altura e o z\u00eanite <a href=\"https:\/\/dentalpress.com.br\/portal\/imersao-em-correcao-de-sorriso-gengival\/\">gengival<\/a> (ZG) em pacientes com agenesia bilateral do incisivo lateral superior ap\u00f3s o tratamento.<\/p>\n<p style=\"text-align: justify;\"><strong>M\u00e9todos:<\/strong> a amostra consistiu de 52 volunt\u00e1rios divididos em 3 grupos: GBR (n=18), pacientes com agenesia bilateral tratados com reanatomiza\u00e7\u00f5es dent\u00e1rias; GBI (n=10), pacientes com agenesia bilateral tratados com implantes; e GC (n=24), grupo controle. Os dados foram avaliados por meio dos testes de Shapiro-Wilk, Wilcoxon, Kruskal-Wallis, teste t, ANOVA (p&lt;0,05) e correla\u00e7\u00e3o de Spearman.<\/p>\n<p style=\"text-align: justify;\"><strong>Resultados:<\/strong> para a propor\u00e7\u00e3o largura\/altura dos incisivos laterais, o GBI apresentou menores valores (0,72 direito e esquerdo), quando comparado aos demais. Por\u00e9m, a compara\u00e7\u00e3o intergrupos revelou diferen\u00e7as estatisticamente significativas para o incisivo lateral direito (GBI x GC) e para o canino (GBR x GC). A avalia\u00e7\u00e3o das medianas obtidaspara o ZG demonstrou que o GBR foi o mais destoante (0,5 direito e 0,48 esquerdo), e que o GBI (0,95 direito e 0,98 esquerdo) e o GC (0,98 direito e 0,8 esquerdo) apresentaram valores semelhantes, sem diferen\u00e7a estatisticamente significativa (p&gt;0,05). Os valores obtidos para os lados direito e esquerdo foram considerados iguais dentro de cada grupo.<\/p>\n<p style=\"text-align: justify;\"><strong>Conclus\u00e3o:<\/strong> embora n\u00e3o tenham sido encontradas diferen\u00e7as estat\u00edsticas na compara\u00e7\u00e3o entre os grupos, pela an\u00e1lise descritiva dos dados, o GBI foi o grupo que apresentou as medidas mais destoantes dos demais em rela\u00e7\u00e3o \u00e0 propor\u00e7\u00e3o largura\/altura, sendo que, para o z\u00eanite gengival, a maior diferen\u00e7a observada foi no GBR.<\/p>\n<p style=\"text-align: justify;\"><strong>LEIA O ARTIGO NA \u00cdNTEGRA<span style=\"color: #ff0000;\">\u00a0<a href=\"https:\/\/dentalpress.com.br\/portal\/wp-content\/uploads\/2016\/05\/DPJO-V17N5.pdf\">AQUI<\/a><span style=\"color: #000000;\">.<\/span><\/span><\/strong><\/p>\n","protected":false},"excerpt":{"rendered":"<p>N\u00fabia Inocencya Pavesi Pini, Luciana Manzotti De-Marchi, Bruno Fraz\u00e3o Gribel, Adilson Luiz Ramos, Laurindo Zanco Furquim, Renata Corr\u00eaa Pascotto. Objetivo: o prop\u00f3sito desse estudo foi analisar, por meio de modelos de estudo e paqu\u00edmetro digital, a propor\u00e7\u00e3o largura\/altura e o z\u00eanite gengival (ZG) em pacientes com agenesia bilateral do incisivo lateral superior ap\u00f3s o tratamento.<\/p>\n","protected":false},"author":11,"featured_media":9536,"comment_status":"open","ping_status":"closed","sticky":false,"template":"","format":"standard","meta":{"footnotes":""},"categories":[],"tags":[],"class_list":["post-9535","post","type-post","status-publish","format-standard","has-post-thumbnail"],"aioseo_notices":[],"amp_enabled":true,"_links":{"self":[{"href":"https:\/\/dentalpress.com.br\/portal\/wp-json\/wp\/v2\/posts\/9535","targetHints":{"allow":["GET"]}}],"collection":[{"href":"https:\/\/dentalpress.com.br\/portal\/wp-json\/wp\/v2\/posts"}],"about":[{"href":"https:\/\/dentalpress.com.br\/portal\/wp-json\/wp\/v2\/types\/post"}],"author":[{"embeddable":true,"href":"https:\/\/dentalpress.com.br\/portal\/wp-json\/wp\/v2\/users\/11"}],"replies":[{"embeddable":true,"href":"https:\/\/dentalpress.com.br\/portal\/wp-json\/wp\/v2\/comments?post=9535"}],"version-history":[{"count":0,"href":"https:\/\/dentalpress.com.br\/portal\/wp-json\/wp\/v2\/posts\/9535\/revisions"}],"wp:featuredmedia":[{"embeddable":true,"href":"https:\/\/dentalpress.com.br\/portal\/wp-json\/wp\/v2\/media\/9536"}],"wp:attachment":[{"href":"https:\/\/dentalpress.com.br\/portal\/wp-json\/wp\/v2\/media?parent=9535"}],"wp:term":[{"taxonomy":"category","embeddable":true,"href":"https:\/\/dentalpress.com.br\/portal\/wp-json\/wp\/v2\/categories?post=9535"},{"taxonomy":"post_tag","embeddable":true,"href":"https:\/\/dentalpress.com.br\/portal\/wp-json\/wp\/v2\/tags?post=9535"}],"curies":[{"name":"wp","href":"https:\/\/api.w.org\/{rel}","templated":true}]}}