{"id":9528,"date":"2016-05-25T14:29:21","date_gmt":"2016-05-25T17:29:21","guid":{"rendered":"https:\/\/www.dentalpress.com.br\/portal\/?p=9528"},"modified":"2016-05-25T14:34:19","modified_gmt":"2016-05-25T17:34:19","slug":"dr-reginaldo-zanelato-no-excelencia-na-ortodontia","status":"publish","type":"post","link":"https:\/\/dentalpress.com.br\/portal\/dr-reginaldo-zanelato-no-excelencia-na-ortodontia\/","title":{"rendered":"Dr. Reginaldo Zanelato no Excel\u00eancia na Ortodontia"},"content":{"rendered":"<figure id=\"attachment_9530\" aria-describedby=\"caption-attachment-9530\" style=\"width: 4359px\" class=\"wp-caption aligncenter\"><a href=\"https:\/\/dentalpress.com.br\/portal\/wp-content\/uploads\/2016\/05\/zanelato.jpg\"><img fetchpriority=\"high\" decoding=\"async\" class=\"size-full wp-image-9530\" src=\"https:\/\/dentalpress.com.br\/portal\/wp-content\/uploads\/2016\/05\/zanelato.jpg\" alt=\"Dr. Laurindo Furquim e Dr. Reginaldo Zanelato (Foto: Renata Mastromauro\/Dental Press)\" width=\"4359\" height=\"2091\" srcset=\"\/wp-content\/uploads\/2016\/05\/zanelato.jpg 4359w, \/wp-content\/uploads\/2016\/05\/zanelato-300x144.jpg 300w, \/wp-content\/uploads\/2016\/05\/zanelato-768x368.jpg 768w, \/wp-content\/uploads\/2016\/05\/zanelato-1024x491.jpg 1024w, \/wp-content\/uploads\/2016\/05\/zanelato-1170x561.jpg 1170w, \/wp-content\/uploads\/2016\/05\/zanelato-585x281.jpg 585w\" sizes=\"(max-width: 4359px) 100vw, 4359px\" \/><\/a><figcaption id=\"caption-attachment-9530\" class=\"wp-caption-text\">Dr. Laurindo Furquim e Dr. Reginaldo Zanelato (Foto: Renata Mastromauro\/Dental Press)<\/figcaption><\/figure>\n<p>Nesta quarta-feira (25), o professor Dr. Reginaldo Zanelato, de Presidente Prudente (SP), fala \u00e0 18\u00aa turma do Excel\u00eancia na Ortodontia sobre extra\u00e7\u00e3o de segundos molares, um tema controverso amplamente discutido na literatura.\u00a0Embora muitas m\u00e1-oclus\u00f5es n\u00e3o requeiram extra\u00e7\u00f5es, \u00e9 frequentemente necess\u00e1rio extrair dentes. A escolha de qual dente extrair \u00e9 uma premissa que exige do profissional criterioso estudo, al\u00e9m de requerer a observa\u00e7\u00e3o da idade e das caracter\u00edsticas individuais aliada \u00e0 dedica\u00e7\u00e3o e bom senso.<\/p>\n<p>Dr. Reginaldo Zanelato \u00e9 especialista em Ortodontia pela Sociedade Paulista de Ortodontia &#8211; SPO,\u00a0Mestre em Ortodontia pela Universidade Metodista de S\u00e3o Paulo &#8211; UMESP e\u00a0Coordenador do <a href=\"https:\/\/dentalpress.com.br\/portal\/como-inserir-lasers-de-baixa-e-alta-potencia-na-rotina-clinica\/\">Curso<\/a> de Especializa\u00e7\u00e3o de Ortodontia da INAP\u00d3S, de Presidente Prudente, al\u00e9m de professor em diversos <a href=\"https:\/\/dentalpress.com.br\/portal\/especializacao-em-implantodontia-transforme-sua-carreira-com-precisao-e-seguranca\/\">cursos<\/a> de p\u00f3s-gradua\u00e7\u00e3o no Brasil, Portugal e Chile.<\/p>\n<p>&nbsp;<\/p>\n","protected":false},"excerpt":{"rendered":"<p>Nesta quarta-feira (25), o professor Dr. Reginaldo Zanelato, de Presidente Prudente (SP), fala \u00e0 18\u00aa turma do Excel\u00eancia na Ortodontia sobre extra\u00e7\u00e3o de segundos molares, um tema controverso amplamente discutido na literatura.\u00a0Embora muitas m\u00e1-oclus\u00f5es n\u00e3o requeiram extra\u00e7\u00f5es, \u00e9 frequentemente necess\u00e1rio extrair dentes. A escolha de qual dente extrair \u00e9 uma premissa que exige do profissional<\/p>\n","protected":false},"author":11,"featured_media":9530,"comment_status":"open","ping_status":"closed","sticky":false,"template":"","format":"standard","meta":{"footnotes":""},"categories":[],"tags":[],"class_list":["post-9528","post","type-post","status-publish","format-standard","has-post-thumbnail"],"aioseo_notices":[],"amp_enabled":true,"_links":{"self":[{"href":"https:\/\/dentalpress.com.br\/portal\/wp-json\/wp\/v2\/posts\/9528","targetHints":{"allow":["GET"]}}],"collection":[{"href":"https:\/\/dentalpress.com.br\/portal\/wp-json\/wp\/v2\/posts"}],"about":[{"href":"https:\/\/dentalpress.com.br\/portal\/wp-json\/wp\/v2\/types\/post"}],"author":[{"embeddable":true,"href":"https:\/\/dentalpress.com.br\/portal\/wp-json\/wp\/v2\/users\/11"}],"replies":[{"embeddable":true,"href":"https:\/\/dentalpress.com.br\/portal\/wp-json\/wp\/v2\/comments?post=9528"}],"version-history":[{"count":0,"href":"https:\/\/dentalpress.com.br\/portal\/wp-json\/wp\/v2\/posts\/9528\/revisions"}],"wp:featuredmedia":[{"embeddable":true,"href":"https:\/\/dentalpress.com.br\/portal\/wp-json\/wp\/v2\/media\/9530"}],"wp:attachment":[{"href":"https:\/\/dentalpress.com.br\/portal\/wp-json\/wp\/v2\/media?parent=9528"}],"wp:term":[{"taxonomy":"category","embeddable":true,"href":"https:\/\/dentalpress.com.br\/portal\/wp-json\/wp\/v2\/categories?post=9528"},{"taxonomy":"post_tag","embeddable":true,"href":"https:\/\/dentalpress.com.br\/portal\/wp-json\/wp\/v2\/tags?post=9528"}],"curies":[{"name":"wp","href":"https:\/\/api.w.org\/{rel}","templated":true}]}}