{"id":9519,"date":"2016-05-25T10:03:00","date_gmt":"2016-05-25T13:03:00","guid":{"rendered":"https:\/\/www.dentalpress.com.br\/portal\/?p=9519"},"modified":"2016-05-25T10:04:29","modified_gmt":"2016-05-25T13:04:29","slug":"guerra-ao-ronco-e-tema-de-coluna-na-folha-de-s-paulo","status":"publish","type":"post","link":"https:\/\/dentalpress.com.br\/portal\/guerra-ao-ronco-e-tema-de-coluna-na-folha-de-s-paulo\/","title":{"rendered":"Guerra ao ronco \u00e9 tema de coluna na Folha de S. Paulo"},"content":{"rendered":"<p>&nbsp;<\/p>\n<p style=\"text-align: justify;\"><a href=\"https:\/\/dentalpress.com.br\/portal\/wp-content\/uploads\/2016\/05\/ronco_fases_01.png\"><img fetchpriority=\"high\" decoding=\"async\" class=\"size-full wp-image-9520 aligncenter\" src=\"https:\/\/dentalpress.com.br\/portal\/wp-content\/uploads\/2016\/05\/ronco_fases_01.png\" alt=\"ronco_fases_01\" width=\"799\" height=\"257\" srcset=\"\/wp-content\/uploads\/2016\/05\/ronco_fases_01.png 799w, \/wp-content\/uploads\/2016\/05\/ronco_fases_01-300x96.png 300w, \/wp-content\/uploads\/2016\/05\/ronco_fases_01-768x247.png 768w, \/wp-content\/uploads\/2016\/05\/ronco_fases_01-585x188.png 585w\" sizes=\"(max-width: 799px) 100vw, 799px\" \/><\/a>A utiliza\u00e7\u00e3o de aparelhos intraorais para o tratamento do ronco e <a href=\"https:\/\/dentalpress.com.br\/portal\/curso-de-aperfeicoamento-em-dtm-dor-orofacial-e-apneia-do-sono\/\">apneia<\/a> do sono \u00e9 uma pr\u00e1tica comum entre os <a href=\"https:\/\/dentalpress.com.br\/portal\/reforma-tributaria-impacta-dentistas-e-pacientes-com-custos\/\">dentistas<\/a> &#8211; h\u00e1 <a href=\"https:\/\/dentalpress.com.br\/portal\/especializacao-em-implantodontia-transforme-sua-carreira-com-precisao-e-seguranca\/\">cursos<\/a> de <a href=\"https:\/\/dentalpress.com.br\/portal\/especializacao-em-harmonizacao-orofacial\/\">especializa\u00e7\u00e3o<\/a> que preparam os profissionais a realizar tal t\u00e9cnica. Mas a possibilidade de tratar um problema t\u00e3o s\u00e9rio apenas com um aparelho, sem a necessidade de <a href=\"https:\/\/dentalpress.com.br\/portal\/curso-de-aperfeicoamento-em-cirurgia-de-dentes-retidos\/\">cirurgia<\/a>, ainda soa como novidade para o p\u00fablico em geral.<\/p>\n<p style=\"text-align: justify;\">O colunista da Folha de S. Paulo Marcelo Coelho,\u00a0membro do Conselho Editorial do jornal e\u00a0autor de romances e de colet\u00e2neas de ensaios, abordou o assunto em sua coluna desta quarta-feira (25). Abaixo, veja a\u00a0coluna na \u00edntegra &#8211; vale ler o depoimento do ponto de vista de um paciente.<\/p>\n<p style=\"text-align: justify;\"><em>&#8220;Nunca usei aparelho nos dentes. Hoje \u00e9 comun\u00edssimo, uma verdadeira epidemia. Na minha \u00e9poca predominava a pr\u00e1tica de extirpar as am\u00eddalas \u2014mas tampouco fizeram isso comigo.<\/em><\/p>\n<p style=\"text-align: justify;\"><em>Come\u00e7o a pensar que tive uma inf\u00e2ncia bastante abandonada. Que seja; isso se recupera. Pelo menos no caso dos aparelhos ortod\u00f4nticos.<\/em><\/p>\n<p style=\"text-align: justify;\"><em>Sim. Experimento a coisa, todas as noites, n\u00e3o por algum encavalamento de caninos e incisivos, que tentasse corrigir j\u00e1 pr\u00f3ximo da idade das papas e mingaus.<\/em><\/p>\n<div id=\"hidden-content\">\n<p style=\"text-align: justify;\"><em>O caso \u00e9 de ronco. Submeto-me a uma nova t\u00e9cnica, que visa a um melhor posicionamento da mand\u00edbula.<\/em><\/p>\n<p style=\"text-align: justify;\"><em>Projetando-a rumo ao teto (coisa pouca, calculada em fra\u00e7\u00f5es de mil\u00edmetro) poderei \u2014pelo que entendi\u2014 liberar as vias respirat\u00f3rias, evitando a estent\u00f3rea vibra\u00e7\u00e3o noturna do palato mole.<\/em><\/p>\n<p style=\"text-align: justify;\"><em>Excelente not\u00edcia. Tinha experimentado antes um dispositivo deprimente e intoler\u00e1vel, que fazia do meu quarto uma esp\u00e9cie de sucursal da UTI.<\/em><\/p>\n<p style=\"text-align: justify;\"><em>A m\u00e1quina insuflava \u00e0 for\u00e7a o ar em meus pulm\u00f5es inermes \u2014correspondendo, quem sabe, ao inverso das torturas de Guant\u00e1namo, onde se afogavam prisioneiros para que contassem seus segredos.<\/em><\/p>\n<p style=\"text-align: justify;\"><em>Aqui, enchiam-me de ar para que eu ficasse quieto. Era preciso amarrar um bocal de pl\u00e1stico no meu rosto, na expectativa de que assim eu tivesse &#8220;uma boa noite de sono&#8221;.<\/em><\/p>\n<p style=\"text-align: justify;\"><em>Algumas pessoas se sentem felizes com o invento. A m\u00e1quina lhes prolonga a vida; serve talvez como garantia, ligada na tomada, de que est\u00e3o sendo bem cuidados. Eis o anjo da guarda, o seio materno, a asa ritmada do Esp\u00edrito Santo, a ressurrei\u00e7\u00e3o de 30 em 30 segundos.<\/em><\/p>\n<p style=\"text-align: justify;\"><em>&#8220;Mudou a minha vida&#8221;, diz uma testemunha. Sem d\u00favida, parou de roncar, e isso n\u00e3o traz apenas o conforto aos circunstantes. Como se sabe, o ronco est\u00e1 associado \u00e0 apneia, e esta leva \u00e0 interrup\u00e7\u00e3o do sono, coisa que se mede \u00e0s centenas durante uma \u00fanica noite.<\/em><\/p>\n<p style=\"text-align: justify;\"><em>O roncador acorda sem ter dormido direito e se arrasta aos bocejos pelo dia. Sofre de falhas de mem\u00f3ria. Ao longo da noite, sua press\u00e3o arterial conheceu picos alarmantes.<\/em><\/p>\n<p style=\"text-align: justify;\"><em>Arrisca-se a despertar j\u00e1 semiparalisado por um derrame: vai desligar o despertador e o bra\u00e7o n\u00e3o se mexe. Ou quem sabe morre de uma vez, o que \u2014considerando os outros caminhos pelos quais se extingue a vida humana\u2014 pode n\u00e3o ser t\u00e3o mau assim.<\/em><\/p>\n<p style=\"text-align: justify;\"><em>Se ele sobrevive ao ronco, o mesmo nem sempre se dir\u00e1 de sua vida conjugal. Cansada do trabalho, da academia, dos afazeres dom\u00e9sticos, a mulher se volta, na cama, para o marido roncador.<\/em><\/p>\n<p style=\"text-align: justify;\"><em>Nunca lhe pareceu t\u00e3o idiota, t\u00e3o rid\u00edculo, t\u00e3o sup\u00e9rfluo. Por defini\u00e7\u00e3o, o roncador \u00e9 aquele que &#8220;n\u00e3o sabe de nada&#8221;. \u00c9 uma montanha, um maci\u00e7o de carne. O monstruoso c\u00e2ntico que ele entoa \u00e9 feliz. Mergulhou numa inoc\u00eancia de su\u00edno.<\/em><\/p>\n<p style=\"text-align: justify;\"><em>&#8220;Como pode?&#8221;, pergunta a mulher desesperada. Como algu\u00e9m pode ser homem? Que tipo de animal primitivo, entusiasta de churrascos, motocicletas e lutas de boxe \u00e9 esse com quem vivo?<\/em><\/p>\n<p style=\"text-align: justify;\"><em>Se ronca, a culpa \u00e9 dele. Se ronca, n\u00e3o gosta de mim. A hostilidade que tem por mim, disfar\u00e7ada ao longo do dia em desaten\u00e7\u00e3o e indiferen\u00e7a, revela-se na escurid\u00e3o do quarto, do mesmo modo que os sonhos indicam os desejos do inconsciente.<\/em><\/p>\n<p style=\"text-align: justify;\"><em>A psican\u00e1lise do ronco ainda est\u00e1 por ser tentada. A c\u00f4njuge tem seus pr\u00f3prios conflitos. Insatisfeita, sem d\u00favida, quanto ao desempenho sexual do marido, n\u00e3o se conforma com tanta proclama\u00e7\u00e3o, e t\u00e3o ruidosa, do prim\u00e1rio contentamento masculino.<\/em><\/p>\n<p style=\"text-align: justify;\"><em>Ela, que no seu ventre conheceu apenas os pequenos chutes e circunvolu\u00e7\u00f5es do filho por nascer, n\u00e3o aceita que dentro da barriga do marido se esconda um herdeiro de Belial, Baal ou Belzebu. Gr\u00e1vido de um javali, provedor de crocodilos, pai do pr\u00f3prio hipop\u00f3tamo, o marido dorme.<\/em><\/p>\n<p style=\"text-align: justify;\"><em>N\u00e3o ouve \u2013circunst\u00e2ncia curiosa\u2013 o ronco que produz. Celebra, numa tuba ag\u00f4nica, o triunfo est\u00fapido de ser macho.<\/em><\/p>\n<p style=\"text-align: justify;\"><em>N\u00e3o. Volto \u00e0 inf\u00e2ncia, \u00e0 esguia adolesc\u00eancia. Adapto o aparelho dent\u00e1rio ao palato superior. Um gancho prende a este a parte de baixo. Ferrinhos firmam tudo nos meus dentes.<\/em><\/p>\n<p style=\"text-align: justify;\"><em>Que encaixe perfeito! Sinto um pouco de press\u00e3o sobre o esmalte. N\u00e3o sei se por alguma sugest\u00e3o psicol\u00f3gica, durmo logo depois. O escuro do quarto me obtura e oblitera. N\u00e3o sei se vou roncar; percebo que estou babando mais no travesseiro.<\/em><\/p>\n<p style=\"text-align: justify;\"><em>Talvez seja o destino de todo articulista: no come\u00e7o, eu escrevia textos \u00e1speros, roucos, furiosos. A raiva e a bile v\u00e3o, com o tempo, se diluindo em baba. Boa noite.<\/em><\/p>\n<div class=\"top-wrapper\">\n<h2><a href=\"http:\/\/m.folha.uol.com.br\/colunas\/marcelocoelho\">marcelo coelho<\/a><\/h2>\n<\/div>\n<div class=\"biography\">\n<div class=\"content\">\n<div class=\"image\"><img decoding=\"async\" class=\"alignleft\" src=\"http:\/\/f.i.uol.com.br\/fotografia\/2015\/05\/21\/513509-115x150-1.jpeg\" alt=\"marcelo coelho\" width=\"115\" height=\"150\" \/><\/div>\n<p>\u00c9 membro do Conselho Editorial da <b>Folha<\/b>. \u00c9 autor de romances e de colet\u00e2neas de ensaios. Comenta assuntos variados. Escreve \u00e0s quartas.<\/p>\n<\/div>\n<\/div>\n<\/div>\n","protected":false},"excerpt":{"rendered":"<p>&nbsp; A utiliza\u00e7\u00e3o de aparelhos intraorais para o tratamento do ronco e apneia do sono \u00e9 uma pr\u00e1tica comum entre os dentistas &#8211; h\u00e1 cursos de especializa\u00e7\u00e3o que preparam os profissionais a realizar tal t\u00e9cnica. Mas a possibilidade de tratar um problema t\u00e3o s\u00e9rio apenas com um aparelho, sem a necessidade de cirurgia, ainda soa<\/p>\n","protected":false},"author":11,"featured_media":9522,"comment_status":"open","ping_status":"closed","sticky":false,"template":"","format":"standard","meta":{"footnotes":""},"categories":[],"tags":[],"class_list":["post-9519","post","type-post","status-publish","format-standard","has-post-thumbnail"],"aioseo_notices":[],"amp_enabled":true,"_links":{"self":[{"href":"https:\/\/dentalpress.com.br\/portal\/wp-json\/wp\/v2\/posts\/9519","targetHints":{"allow":["GET"]}}],"collection":[{"href":"https:\/\/dentalpress.com.br\/portal\/wp-json\/wp\/v2\/posts"}],"about":[{"href":"https:\/\/dentalpress.com.br\/portal\/wp-json\/wp\/v2\/types\/post"}],"author":[{"embeddable":true,"href":"https:\/\/dentalpress.com.br\/portal\/wp-json\/wp\/v2\/users\/11"}],"replies":[{"embeddable":true,"href":"https:\/\/dentalpress.com.br\/portal\/wp-json\/wp\/v2\/comments?post=9519"}],"version-history":[{"count":0,"href":"https:\/\/dentalpress.com.br\/portal\/wp-json\/wp\/v2\/posts\/9519\/revisions"}],"wp:featuredmedia":[{"embeddable":true,"href":"https:\/\/dentalpress.com.br\/portal\/wp-json\/wp\/v2\/media\/9522"}],"wp:attachment":[{"href":"https:\/\/dentalpress.com.br\/portal\/wp-json\/wp\/v2\/media?parent=9519"}],"wp:term":[{"taxonomy":"category","embeddable":true,"href":"https:\/\/dentalpress.com.br\/portal\/wp-json\/wp\/v2\/categories?post=9519"},{"taxonomy":"post_tag","embeddable":true,"href":"https:\/\/dentalpress.com.br\/portal\/wp-json\/wp\/v2\/tags?post=9519"}],"curies":[{"name":"wp","href":"https:\/\/api.w.org\/{rel}","templated":true}]}}