{"id":8220,"date":"2016-03-03T15:39:43","date_gmt":"2016-03-03T18:39:43","guid":{"rendered":"https:\/\/www.dentalpress.com.br\/portal\/?p=8220"},"modified":"2016-03-15T10:34:25","modified_gmt":"2016-03-15T13:34:25","slug":"murilo-calgaro-ministra-aula-5o-excelencia-estetica-dental-press","status":"publish","type":"post","link":"https:\/\/dentalpress.com.br\/portal\/murilo-calgaro-ministra-aula-5o-excelencia-estetica-dental-press\/","title":{"rendered":"Murilo Calgaro ministra aula no 5\u00ba Excel\u00eancia na Est\u00e9tica Dental Press."},"content":{"rendered":"<p style=\"text-align: left;\"><a href=\"https:\/\/dentalpress.com.br\/portal\/wp-content\/uploads\/2016\/03\/MG_9930.jpg\"><img decoding=\"async\" class=\"wp-image-8221\" alt=\"_MG_9930\" src=\"https:\/\/dentalpress.com.br\/portal\/wp-content\/uploads\/2016\/03\/MG_9930.jpg\" width=\"900\" srcset=\"\/wp-content\/uploads\/2016\/03\/MG_9930.jpg 1000w, \/wp-content\/uploads\/2016\/03\/MG_9930-300x194.jpg 300w\" sizes=\"(max-width: 1000px) 100vw, 1000px\" \/><\/a>A tarde desta quinta-feira (3) contou a presen\u00e7a do Prof.\u00a0Murilo Calgaro que ministrou aula no 5\u00ba <a href=\"https:\/\/dentalpress.com.br\/portal\/excelencia-em-ortodontia-2\/\">Excel\u00eancia<\/a> na Est\u00e9tica Dental Press.<\/p>\n<p>Professor Calgaro \u00e9\u00a0T\u00e9cnico em Pr\u00f3tese Odontol\u00f3gica formado pelo SENAC\/SP;\u00a0Fundador do Murilo Calgaro Dental Design Institute em Curitiba PR;\u00a0Em 2013 tornou-se membro do grupo Oral Design, by Willy Geller;\u00a0Foi t\u00e9cnico respons\u00e1vel pelo laborat\u00f3rio do Dr. Eric Vandooren em Antwerpia B\u00e9lgica, no per\u00edodo de 2009 a 2012;\u00a0Ministra <a href=\"https:\/\/dentalpress.com.br\/portal\/especializacao-em-implantodontia-transforme-sua-carreira-com-precisao-e-seguranca\/\">cursos<\/a> de atualiza\u00e7\u00e3o e <a href=\"https:\/\/dentalpress.com.br\/portal\/especializacao-em-harmonizacao-orofacial\/\">especializa\u00e7\u00e3o<\/a> para ceramistas no Brasil e exterior;\u00a0Desenvolve trabalhos voltados \u00e0 est\u00e9tica com a utiliza\u00e7\u00e3o de um protocolo laboratorial exclusivo, que permite a realiza\u00e7\u00e3o de trabalhos personalizados. Seus servi\u00e7os s\u00e3o utilizados por profissionais de destaque da odontologia nacional e internacional.<\/p>\n<p>Confira as Fotos:<\/p>\n<pre>[flickr_set id=\"72157663066557443\"]<\/pre>\n","protected":false},"excerpt":{"rendered":"<p>A tarde desta quinta-feira (3) contou a presen\u00e7a do Prof.\u00a0Murilo Calgaro que ministrou aula no 5\u00ba Excel\u00eancia na Est\u00e9tica Dental Press. Professor Calgaro \u00e9\u00a0T\u00e9cnico em Pr\u00f3tese Odontol\u00f3gica formado pelo SENAC\/SP;\u00a0Fundador do Murilo Calgaro Dental Design Institute em Curitiba PR;\u00a0Em 2013 tornou-se membro do grupo Oral Design, by Willy Geller;\u00a0Foi t\u00e9cnico respons\u00e1vel pelo laborat\u00f3rio do Dr.<\/p>\n","protected":false},"author":31,"featured_media":8221,"comment_status":"open","ping_status":"closed","sticky":false,"template":"","format":"standard","meta":{"footnotes":""},"categories":[],"tags":[],"class_list":["post-8220","post","type-post","status-publish","format-standard","has-post-thumbnail"],"aioseo_notices":[],"amp_enabled":true,"_links":{"self":[{"href":"https:\/\/dentalpress.com.br\/portal\/wp-json\/wp\/v2\/posts\/8220","targetHints":{"allow":["GET"]}}],"collection":[{"href":"https:\/\/dentalpress.com.br\/portal\/wp-json\/wp\/v2\/posts"}],"about":[{"href":"https:\/\/dentalpress.com.br\/portal\/wp-json\/wp\/v2\/types\/post"}],"author":[{"embeddable":true,"href":"https:\/\/dentalpress.com.br\/portal\/wp-json\/wp\/v2\/users\/31"}],"replies":[{"embeddable":true,"href":"https:\/\/dentalpress.com.br\/portal\/wp-json\/wp\/v2\/comments?post=8220"}],"version-history":[{"count":0,"href":"https:\/\/dentalpress.com.br\/portal\/wp-json\/wp\/v2\/posts\/8220\/revisions"}],"wp:featuredmedia":[{"embeddable":true,"href":"https:\/\/dentalpress.com.br\/portal\/wp-json\/wp\/v2\/media\/8221"}],"wp:attachment":[{"href":"https:\/\/dentalpress.com.br\/portal\/wp-json\/wp\/v2\/media?parent=8220"}],"wp:term":[{"taxonomy":"category","embeddable":true,"href":"https:\/\/dentalpress.com.br\/portal\/wp-json\/wp\/v2\/categories?post=8220"},{"taxonomy":"post_tag","embeddable":true,"href":"https:\/\/dentalpress.com.br\/portal\/wp-json\/wp\/v2\/tags?post=8220"}],"curies":[{"name":"wp","href":"https:\/\/api.w.org\/{rel}","templated":true}]}}