{"id":8207,"date":"2016-03-02T15:52:40","date_gmt":"2016-03-02T18:52:40","guid":{"rendered":"https:\/\/www.dentalpress.com.br\/portal\/?p=8207"},"modified":"2016-04-28T10:06:20","modified_gmt":"2016-04-28T13:06:20","slug":"dental-press-inicio-5o-excelencia-estetica-dental-press","status":"publish","type":"post","link":"https:\/\/dentalpress.com.br\/portal\/dental-press-inicio-5o-excelencia-estetica-dental-press\/","title":{"rendered":"Dental Press d\u00e1 in\u00edcio ao seu 5\u00ba Excel\u00eancia na Est\u00e9tica"},"content":{"rendered":"<p>A 5\u00ba Excel\u00eancia na Est\u00e9tica Dental Press teve in\u00edcio nesta quarta-feira (2), na sede da Dental Press, em Maring\u00e1 (PR). Com participantes de SP, MS, MT, SC, MG, RS, AM e Assun\u00e7\u00e3o &#8211; Paraguai, o <a href=\"https:\/\/dentalpress.com.br\/portal\/como-inserir-lasers-de-baixa-e-alta-potencia-na-rotina-clinica\/\">curso<\/a> segue at\u00e9 sexta-feira (18) com aulas de Renata Pascotto (2) , Fabiano Marson (3),\u00a0Murilo Calgaro (3) e\u00a0Mario de Goes.<\/p>\n<p>Quem proporcionou a aula de abertura foi a Professora Renata Pascotto, ela possui gradua\u00e7\u00e3o em Odontologia pela Faculdade de Odontologia de Bauru Usp (1988), mestrado em Odontologia Dent\u00edstica pela Universidade de S\u00e3o Paulo (1991) e doutorado em Odontologia Dent\u00edstica pela Universidade de S\u00e3o Paulo (1999). Atualmente \u00e9 professora associada C da Universidade Estadual de Maring\u00e1, professora do Programa de P\u00f3s-Gradua\u00e7\u00e3o em Odontologia Integrada da UEM e tem experi\u00eancia na \u00e1rea de Odontologia, com \u00eanfase em Dent\u00edstica, atuando principalmente nos seguintes temas: ades\u00e3o, clareamento, cimento de ion\u00f4mero de vidro.<\/p>\n<p>Confira as Fotos:<\/p>\n<pre>[flickr_set id=\"72157665373527305\"]<\/pre>\n","protected":false},"excerpt":{"rendered":"<p>A 5\u00ba Excel\u00eancia na Est\u00e9tica Dental Press teve in\u00edcio nesta quarta-feira (2), na sede da Dental Press, em Maring\u00e1 (PR). Com participantes de SP, MS, MT, SC, MG, RS, AM e Assun\u00e7\u00e3o &#8211; Paraguai, o curso segue at\u00e9 sexta-feira (18) com aulas de Renata Pascotto (2) , Fabiano Marson (3),\u00a0Murilo Calgaro (3) e\u00a0Mario de Goes.<\/p>\n","protected":false},"author":31,"featured_media":8211,"comment_status":"open","ping_status":"closed","sticky":false,"template":"","format":"standard","meta":{"footnotes":""},"categories":[],"tags":[],"class_list":["post-8207","post","type-post","status-publish","format-standard","has-post-thumbnail"],"aioseo_notices":[],"amp_enabled":true,"_links":{"self":[{"href":"https:\/\/dentalpress.com.br\/portal\/wp-json\/wp\/v2\/posts\/8207","targetHints":{"allow":["GET"]}}],"collection":[{"href":"https:\/\/dentalpress.com.br\/portal\/wp-json\/wp\/v2\/posts"}],"about":[{"href":"https:\/\/dentalpress.com.br\/portal\/wp-json\/wp\/v2\/types\/post"}],"author":[{"embeddable":true,"href":"https:\/\/dentalpress.com.br\/portal\/wp-json\/wp\/v2\/users\/31"}],"replies":[{"embeddable":true,"href":"https:\/\/dentalpress.com.br\/portal\/wp-json\/wp\/v2\/comments?post=8207"}],"version-history":[{"count":0,"href":"https:\/\/dentalpress.com.br\/portal\/wp-json\/wp\/v2\/posts\/8207\/revisions"}],"wp:featuredmedia":[{"embeddable":true,"href":"https:\/\/dentalpress.com.br\/portal\/wp-json\/wp\/v2\/media\/8211"}],"wp:attachment":[{"href":"https:\/\/dentalpress.com.br\/portal\/wp-json\/wp\/v2\/media?parent=8207"}],"wp:term":[{"taxonomy":"category","embeddable":true,"href":"https:\/\/dentalpress.com.br\/portal\/wp-json\/wp\/v2\/categories?post=8207"},{"taxonomy":"post_tag","embeddable":true,"href":"https:\/\/dentalpress.com.br\/portal\/wp-json\/wp\/v2\/tags?post=8207"}],"curies":[{"name":"wp","href":"https:\/\/api.w.org\/{rel}","templated":true}]}}