{"id":8194,"date":"2016-03-02T11:15:04","date_gmt":"2016-03-02T14:15:04","guid":{"rendered":"https:\/\/www.dentalpress.com.br\/portal\/?p=8194"},"modified":"2016-04-28T10:06:29","modified_gmt":"2016-04-28T13:06:29","slug":"dental-press-participa-v-encontro-endodontia","status":"publish","type":"post","link":"https:\/\/dentalpress.com.br\/portal\/dental-press-participa-v-encontro-endodontia\/","title":{"rendered":"Dental Press participa do V Encontro de Endodontia"},"content":{"rendered":"<p dir=\"ltr\">Dental Press participou do V encontro de <a href=\"https:\/\/dentalpress.com.br\/portal\/curso-intensivo-de-endodontia-para-molares\/\">endodontia<\/a>, professor Dr. Ant\u00f4nio Carlos Bombana, em Santo Andr\u00e9 (SP), no ultimo final de semana (26 e 27).<\/p>\n<p dir=\"ltr\">No dia 26 os temas preparo mecanizado, \u00a0estrat\u00e9gias de desinfec\u00e7\u00e3o dos canais e tecnologias aplicadas \u00e1 cl\u00ednica endod\u00f4ntica foram ministrados pelos professores Manoel Eduado L. Machado, Marcelo Mangelli, D. Baptista, Henrrique Bassi Logic, Carlos Es Bueno, Marcelo dos Santos, Giuli Galvnini, Carlos Estrela, Aguinaldo Garcez, Patricia Ferrari, Carlos Estrelas D\u00e9bora P. Sellera e Edmar Oya.<\/p>\n<p dir=\"ltr\">No dia 27 o encontro foi ministrado pelos professores Henrrique Bassi, Alexandre Capelli, Marcelo dos Santos e Patricia Ferrari.<\/p>\n<p dir=\"ltr\">Confira as fotos abaixo:<\/p>\n<p dir=\"ltr\"><a href=\"https:\/\/dentalpress.com.br\/portal\/wp-content\/uploads\/2016\/02\/20160229032130.jpg\"><img fetchpriority=\"high\" decoding=\"async\" class=\"alignnone size-medium wp-image-8198\" alt=\"20160229032130\" src=\"https:\/\/dentalpress.com.br\/portal\/wp-content\/uploads\/2016\/02\/20160229032130-300x225.jpg\" width=\"300\" height=\"225\" srcset=\"\/wp-content\/uploads\/2016\/02\/20160229032130-300x225.jpg 300w, \/wp-content\/uploads\/2016\/02\/20160229032130-1024x768.jpg 1024w, \/wp-content\/uploads\/2016\/02\/20160229032130.jpg 1600w\" sizes=\"(max-width: 300px) 100vw, 300px\" \/><\/a> <a href=\"https:\/\/dentalpress.com.br\/portal\/wp-content\/uploads\/2016\/02\/20160229032133.jpg\"><img decoding=\"async\" class=\"alignnone size-medium wp-image-8197\" alt=\"20160229032133\" src=\"https:\/\/dentalpress.com.br\/portal\/wp-content\/uploads\/2016\/02\/20160229032133-300x225.jpg\" width=\"300\" height=\"225\" srcset=\"\/wp-content\/uploads\/2016\/02\/20160229032133-300x225.jpg 300w, \/wp-content\/uploads\/2016\/02\/20160229032133-1024x768.jpg 1024w, \/wp-content\/uploads\/2016\/02\/20160229032133.jpg 1600w\" sizes=\"(max-width: 300px) 100vw, 300px\" \/><\/a> <a href=\"https:\/\/dentalpress.com.br\/portal\/wp-content\/uploads\/2016\/02\/20160229032136.jpg\"><img decoding=\"async\" class=\"alignnone size-medium wp-image-8196\" alt=\"20160229032136\" src=\"https:\/\/dentalpress.com.br\/portal\/wp-content\/uploads\/2016\/02\/20160229032136-300x248.jpg\" width=\"300\" height=\"248\" srcset=\"\/wp-content\/uploads\/2016\/02\/20160229032136-300x248.jpg 300w, \/wp-content\/uploads\/2016\/02\/20160229032136-1024x847.jpg 1024w, \/wp-content\/uploads\/2016\/02\/20160229032136.jpg 1600w\" sizes=\"(max-width: 300px) 100vw, 300px\" \/><\/a> <a href=\"https:\/\/dentalpress.com.br\/portal\/wp-content\/uploads\/2016\/02\/20160229032139.jpg\"><img loading=\"lazy\" decoding=\"async\" class=\"alignnone size-medium wp-image-8195\" alt=\"20160229032139\" src=\"https:\/\/dentalpress.com.br\/portal\/wp-content\/uploads\/2016\/02\/20160229032139-300x225.jpg\" width=\"300\" height=\"225\" srcset=\"\/wp-content\/uploads\/2016\/02\/20160229032139-300x225.jpg 300w, \/wp-content\/uploads\/2016\/02\/20160229032139-1024x768.jpg 1024w, \/wp-content\/uploads\/2016\/02\/20160229032139.jpg 1600w\" sizes=\"(max-width: 300px) 100vw, 300px\" \/><\/a><\/p>\n","protected":false},"excerpt":{"rendered":"<p>Dental Press participou do V encontro de endodontia, professor Dr. Ant\u00f4nio Carlos Bombana, em Santo Andr\u00e9 (SP), no ultimo final de semana (26 e 27). No dia 26 os temas preparo mecanizado, \u00a0estrat\u00e9gias de desinfec\u00e7\u00e3o dos canais e tecnologias aplicadas \u00e1 cl\u00ednica endod\u00f4ntica foram ministrados pelos professores Manoel Eduado L. Machado, Marcelo Mangelli, D. Baptista,<\/p>\n","protected":false},"author":11,"featured_media":8196,"comment_status":"open","ping_status":"closed","sticky":false,"template":"","format":"standard","meta":{"footnotes":""},"categories":[],"tags":[],"class_list":["post-8194","post","type-post","status-publish","format-standard","has-post-thumbnail"],"aioseo_notices":[],"amp_enabled":true,"_links":{"self":[{"href":"https:\/\/dentalpress.com.br\/portal\/wp-json\/wp\/v2\/posts\/8194","targetHints":{"allow":["GET"]}}],"collection":[{"href":"https:\/\/dentalpress.com.br\/portal\/wp-json\/wp\/v2\/posts"}],"about":[{"href":"https:\/\/dentalpress.com.br\/portal\/wp-json\/wp\/v2\/types\/post"}],"author":[{"embeddable":true,"href":"https:\/\/dentalpress.com.br\/portal\/wp-json\/wp\/v2\/users\/11"}],"replies":[{"embeddable":true,"href":"https:\/\/dentalpress.com.br\/portal\/wp-json\/wp\/v2\/comments?post=8194"}],"version-history":[{"count":0,"href":"https:\/\/dentalpress.com.br\/portal\/wp-json\/wp\/v2\/posts\/8194\/revisions"}],"wp:featuredmedia":[{"embeddable":true,"href":"https:\/\/dentalpress.com.br\/portal\/wp-json\/wp\/v2\/media\/8196"}],"wp:attachment":[{"href":"https:\/\/dentalpress.com.br\/portal\/wp-json\/wp\/v2\/media?parent=8194"}],"wp:term":[{"taxonomy":"category","embeddable":true,"href":"https:\/\/dentalpress.com.br\/portal\/wp-json\/wp\/v2\/categories?post=8194"},{"taxonomy":"post_tag","embeddable":true,"href":"https:\/\/dentalpress.com.br\/portal\/wp-json\/wp\/v2\/tags?post=8194"}],"curies":[{"name":"wp","href":"https:\/\/api.w.org\/{rel}","templated":true}]}}