{"id":8147,"date":"2016-02-23T09:14:21","date_gmt":"2016-02-23T12:14:21","guid":{"rendered":"https:\/\/www.dentalpress.com.br\/portal\/?p=8147"},"modified":"2017-02-20T15:49:21","modified_gmt":"2017-02-20T18:49:21","slug":"tabaco-responsavel-80-90-cancer-bucal","status":"publish","type":"post","link":"https:\/\/dentalpress.com.br\/portal\/tabaco-responsavel-80-90-cancer-bucal\/","title":{"rendered":"Tabaco \u00e9 respons\u00e1vel por 80% a 90% do c\u00e2ncer bucal"},"content":{"rendered":"<p dir=\"ltr\" style=\"text-align: justify;\">Mancha nos dentes e o mau halito \u00e9 uns dos efeitos secund\u00e1rios mais comum do tabagismo. Al\u00e9m da perda significante, muitas vezes, do odor e sabor. Nos jovens o habito de fumar pode dificultar o desenvolvimento e atrasar o crescimento. Entretanto, s\u00e3o efeitos secund\u00e1rios, o maior risco para a sa\u00fade bucal que o tabagismo pode trazer \u00e9 o c\u00e2ncer bucal (e o c\u00e2ncer pulmonar). \u00a0Sendo, que o tabaco \u00e9 respons\u00e1vel por 80% a 90% do c\u00e2ncer bucal.<\/p>\n<p dir=\"ltr\" style=\"text-align: justify;\">Fevereiro \u00e9 considerado o m\u00eas mundial do c\u00e2ncer. Segundo o Conselho Federal de Odontologia, a data foi institu\u00edda em 2005 e \u00e9 celebrado no dia 4 de fevereiro em v\u00e1rios pa\u00edses. No Brasil essa iniciativa tem apoio do Instituto Nacional do C\u00e2ncer (INCA), que tem como objetivo \u201calertar as pessoas exercendo a tentativa de evitar milh\u00f5es de mortes a cada ano, por meio da conscientiza\u00e7\u00e3o e mobiliza\u00e7\u00e3o sobre a doen\u00e7a. A a\u00e7\u00e3o envolve governos e outras esferas da sociedade de todo o mundo para o controle da doen\u00e7a.\u201d<\/p>\n<p dir=\"ltr\" style=\"text-align: justify;\">De acordo com os dado do INCA todo o ano mais de 12 milh\u00f5es de pessoas no mundo s\u00e3o diagnosticadas com c\u00e2ncer e aproximadamente 8 milh\u00f5es morrem. Estima-se cerca de 15 mil novos casos de c\u00e2ncer bucal, sendo, maioria homens e mata cerca de 4 mil pessoas por ano.<\/p>\n<p dir=\"ltr\" style=\"text-align: justify;\">Este tipo de c\u00e2ncer, geralmente ocorre no l\u00e1bios, dentro da boca, inclusive na l\u00edngua e debaixo da l\u00edngua, as gengivas, na parte posterior e superior da boca e no interior da bochechas.<\/p>\n<p dir=\"ltr\" style=\"text-align: justify;\">Nem sempre \u00e9 poss\u00edvel diagnosticar os sintomas no inicio, por isso, sempre \u00e9 importante consultas regulares com dentistas. De acordo com a Colgate, \u201cal\u00e9m das consultas regulares, \u00e9 preciso que voc\u00ea fale com seu <a href=\"https:\/\/dentalpress.com.br\/portal\/reforma-tributaria-impacta-dentistas-e-pacientes-com-custos\/\">dentista<\/a> se perceber qualquer dos sinais abaixo:<\/p>\n<ul style=\"text-align: justify;\">\n<li dir=\"ltr\">\n<p dir=\"ltr\">Ferida nos l\u00e1bios, gengiva ou no interior da boca, que sangra facilmente e n\u00e3o parece melhorar;<\/p>\n<\/li>\n<li dir=\"ltr\">\n<p dir=\"ltr\">Um caro\u00e7o ou incha\u00e7o na bochecha que voc\u00ea sente ao passar a l\u00edngua;<\/p>\n<\/li>\n<li dir=\"ltr\">\n<p dir=\"ltr\">Perda de sensibilidade ou sensa\u00e7\u00e3o de dorm\u00eancia em qualquer parte da boca;<\/p>\n<\/li>\n<li dir=\"ltr\">\n<p dir=\"ltr\">Manchas brancas ou vermelhas na gengiva, l\u00edngua ou qualquer outra parte da boca;<\/p>\n<\/li>\n<li dir=\"ltr\">\n<p dir=\"ltr\">Dificuldade para mastigar ou para engolir;<\/p>\n<\/li>\n<li dir=\"ltr\">\n<p dir=\"ltr\"><a href=\"https:\/\/dentalpress.com.br\/portal\/curso-de-aperfeicoamento-em-dtm-dor-orofacial-e-apneia-do-sono\/\">Dor<\/a> sem raz\u00e3o aparente ou sensa\u00e7\u00e3o de ter algo preso na garganta;<\/p>\n<\/li>\n<li dir=\"ltr\">\n<p dir=\"ltr\">Incha\u00e7o que impede a adapta\u00e7\u00e3o correta da dentadura.<\/p>\n<\/li>\n<li dir=\"ltr\">\n<p dir=\"ltr\">Mudan\u00e7a na voz.\u201d<\/p>\n<\/li>\n<\/ul>\n<p dir=\"ltr\" style=\"text-align: justify;\">\u00a0O Diagnostico precoce \u00e9 fundamental, visto que, este tipo de c\u00e2ncer pode ser fatal, com uma taxa de sobreviv\u00eancia de 5 anos de 50%. Caso n\u00e3o for detectado no inicio, o c\u00e2ncer bucal, pode necessitar de tratamentos como <a href=\"https:\/\/dentalpress.com.br\/portal\/curso-de-aperfeicoamento-em-cirurgia-de-dentes-retidos\/\">cirurgia<\/a>, quimioterapia ou radioterapia.<\/p>\n<p dir=\"ltr\" style=\"text-align: justify;\">Para fumantes, a melhor maneira de prevenir o c\u00e2ncer \u00e9 parar de fumar. Al\u00e9m disso, seguir uma rotina regular de cuidados da sa\u00fade bucal, como escovar os dentes duas vezes ao dia e usar fio dental diariamente.<\/p>\n<p dir=\"ltr\" style=\"text-align: justify;\">fonte:http:\/\/www.colgate.com.br\/pt\/br\/oc\/oral-health\/conditions\/cancer\/article\/oral-cancer-signs-and-symptoms<\/p>\n<p>&nbsp;<\/p>\n","protected":false},"excerpt":{"rendered":"<p>Mancha nos dentes e o mau halito \u00e9 uns dos efeitos secund\u00e1rios mais comum do tabagismo. Al\u00e9m da perda significante, muitas vezes, do odor e sabor. Nos jovens o habito de fumar pode dificultar o desenvolvimento e atrasar o crescimento. Entretanto, s\u00e3o efeitos secund\u00e1rios, o maior risco para a sa\u00fade bucal que o tabagismo pode<\/p>\n","protected":false},"author":11,"featured_media":8163,"comment_status":"open","ping_status":"closed","sticky":false,"template":"","format":"standard","meta":{"footnotes":""},"categories":[],"tags":[],"class_list":["post-8147","post","type-post","status-publish","format-standard","has-post-thumbnail"],"aioseo_notices":[],"amp_enabled":true,"_links":{"self":[{"href":"https:\/\/dentalpress.com.br\/portal\/wp-json\/wp\/v2\/posts\/8147","targetHints":{"allow":["GET"]}}],"collection":[{"href":"https:\/\/dentalpress.com.br\/portal\/wp-json\/wp\/v2\/posts"}],"about":[{"href":"https:\/\/dentalpress.com.br\/portal\/wp-json\/wp\/v2\/types\/post"}],"author":[{"embeddable":true,"href":"https:\/\/dentalpress.com.br\/portal\/wp-json\/wp\/v2\/users\/11"}],"replies":[{"embeddable":true,"href":"https:\/\/dentalpress.com.br\/portal\/wp-json\/wp\/v2\/comments?post=8147"}],"version-history":[{"count":0,"href":"https:\/\/dentalpress.com.br\/portal\/wp-json\/wp\/v2\/posts\/8147\/revisions"}],"wp:featuredmedia":[{"embeddable":true,"href":"https:\/\/dentalpress.com.br\/portal\/wp-json\/wp\/v2\/media\/8163"}],"wp:attachment":[{"href":"https:\/\/dentalpress.com.br\/portal\/wp-json\/wp\/v2\/media?parent=8147"}],"wp:term":[{"taxonomy":"category","embeddable":true,"href":"https:\/\/dentalpress.com.br\/portal\/wp-json\/wp\/v2\/categories?post=8147"},{"taxonomy":"post_tag","embeddable":true,"href":"https:\/\/dentalpress.com.br\/portal\/wp-json\/wp\/v2\/tags?post=8147"}],"curies":[{"name":"wp","href":"https:\/\/api.w.org\/{rel}","templated":true}]}}