{"id":8130,"date":"2016-02-18T13:51:20","date_gmt":"2016-02-18T16:51:20","guid":{"rendered":"https:\/\/www.dentalpress.com.br\/portal\/?p=8130"},"modified":"2017-02-20T15:33:53","modified_gmt":"2017-02-20T18:33:53","slug":"dra-patricia-especializacao-ortodontia","status":"publish","type":"post","link":"https:\/\/dentalpress.com.br\/portal\/dra-patricia-especializacao-ortodontia\/","title":{"rendered":"Dra. Patr\u00edcia Auth Rockenbach ministra aula no Curso de Especializa\u00e7\u00e3o em Ortodontia Dental Press"},"content":{"rendered":"<p style=\"text-align: justify;\">A \u00a04\u00aa\u00a0e 5\u00aa\u00a0 Turma \u00a0<a href=\"https:\/\/dentalpress.com.br\/portal\/especializacao-em-harmonizacao-orofacial\/\">Especializa\u00e7\u00e3o<\/a> em <a href=\"https:\/\/dentalpress.com.br\/portal\/excelencia-em-ortodontia-2\/\">Ortodontia<\/a> organizado pela Dental Press, contou com a\u00a0participa\u00e7\u00e3o da Dr. Patr\u00edcia Rockenbach, que ministrou o tema \u201ccolagem indireta e\u00a0Braquetes autoligados\u201d.<\/p>\n<p style=\"text-align: justify;\">De acordo com a Dra. Patr\u00edcia esta aula tem como principio a \u201cinova\u00e7\u00e3o em\u00a0materiais para ortodontia, com apresenta\u00e7\u00e3o e t\u00e9cnicas que utilizem a pr\u00e1tica\u00a0ortod\u00f4ntica e aumente a satisfa\u00e7\u00e3o dos clientes\u201d.<\/p>\n<p style=\"text-align: justify;\">Dra. Patr\u00edcia,\u00a0possui gradua\u00e7\u00e3o em Odontologia pela Faculdade de Odontologia da Universidade Federal de Pelotas (2010), Mestre em Ortodontia pela Funda\u00e7\u00e3o Herminio Ometto &#8211; Uniararas (2013). Atua como Especialista de Servi\u00e7os Profissionais na empresa 3M Unitek, trabalhando no desenvolvimento de pesquisas, ministrando aulas e realizando treinamento t\u00e9cnico.<\/p>\n<p>Confira as fotos:<\/p>\n<pre>[flickr_set id=\"72157664834140905\"]<\/pre>\n","protected":false},"excerpt":{"rendered":"<p>A \u00a04\u00aa\u00a0e 5\u00aa\u00a0 Turma \u00a0Especializa\u00e7\u00e3o em Ortodontia organizado pela Dental Press, contou com a\u00a0participa\u00e7\u00e3o da Dr. Patr\u00edcia Rockenbach, que ministrou o tema \u201ccolagem indireta e\u00a0Braquetes autoligados\u201d. De acordo com a Dra. Patr\u00edcia esta aula tem como principio a \u201cinova\u00e7\u00e3o em\u00a0materiais para ortodontia, com apresenta\u00e7\u00e3o e t\u00e9cnicas que utilizem a pr\u00e1tica\u00a0ortod\u00f4ntica e aumente a satisfa\u00e7\u00e3o dos<\/p>\n","protected":false},"author":31,"featured_media":8132,"comment_status":"open","ping_status":"closed","sticky":false,"template":"","format":"standard","meta":{"footnotes":""},"categories":[],"tags":[],"class_list":["post-8130","post","type-post","status-publish","format-standard","has-post-thumbnail"],"aioseo_notices":[],"amp_enabled":true,"_links":{"self":[{"href":"https:\/\/dentalpress.com.br\/portal\/wp-json\/wp\/v2\/posts\/8130","targetHints":{"allow":["GET"]}}],"collection":[{"href":"https:\/\/dentalpress.com.br\/portal\/wp-json\/wp\/v2\/posts"}],"about":[{"href":"https:\/\/dentalpress.com.br\/portal\/wp-json\/wp\/v2\/types\/post"}],"author":[{"embeddable":true,"href":"https:\/\/dentalpress.com.br\/portal\/wp-json\/wp\/v2\/users\/31"}],"replies":[{"embeddable":true,"href":"https:\/\/dentalpress.com.br\/portal\/wp-json\/wp\/v2\/comments?post=8130"}],"version-history":[{"count":0,"href":"https:\/\/dentalpress.com.br\/portal\/wp-json\/wp\/v2\/posts\/8130\/revisions"}],"wp:featuredmedia":[{"embeddable":true,"href":"https:\/\/dentalpress.com.br\/portal\/wp-json\/wp\/v2\/media\/8132"}],"wp:attachment":[{"href":"https:\/\/dentalpress.com.br\/portal\/wp-json\/wp\/v2\/media?parent=8130"}],"wp:term":[{"taxonomy":"category","embeddable":true,"href":"https:\/\/dentalpress.com.br\/portal\/wp-json\/wp\/v2\/categories?post=8130"},{"taxonomy":"post_tag","embeddable":true,"href":"https:\/\/dentalpress.com.br\/portal\/wp-json\/wp\/v2\/tags?post=8130"}],"curies":[{"name":"wp","href":"https:\/\/api.w.org\/{rel}","templated":true}]}}