{"id":8111,"date":"2016-02-15T14:09:31","date_gmt":"2016-02-15T17:09:31","guid":{"rendered":"https:\/\/www.dentalpress.com.br\/portal\/?p=8111"},"modified":"2017-02-20T15:37:24","modified_gmt":"2017-02-20T18:37:24","slug":"dr-ertty-silva-nesta-sexta-19022016-maringa","status":"publish","type":"post","link":"https:\/\/dentalpress.com.br\/portal\/dr-ertty-silva-nesta-sexta-19022016-maringa\/","title":{"rendered":"Dr. Ertty Silva ministra aula em Maring\u00e1"},"content":{"rendered":"<p dir=\"ltr\" style=\"text-align: justify;\">Dr. Ertty Silva ministra aula nesta sexta-feira (19) 4\u00aa Turma de Especializa\u00e7\u00e3o em Ortodontia Unicesumar\/Dental Press e \u00a05\u00aa Turma do <a href=\"https:\/\/dentalpress.com.br\/portal\/como-inserir-lasers-de-baixa-e-alta-potencia-na-rotina-clinica\/\">Curso<\/a> de Especializa\u00e7\u00e3o em Ortodontia UEM \/Dental Press, no per\u00edodo da manha e tarde.<\/p>\n<p dir=\"ltr\" style=\"text-align: justify;\">Lembrando tamb\u00e9m que ele \u00a0estar\u00e1 tamb\u00e9m na Dental Press em Maring\u00e1 nos dias \u00a005 a 09 de abril, para ministrar o <a href=\"https:\/\/dentalpress.com.br\/portal\/excelencia-em-dtm-2\/\">curso<\/a> Mec\u00e2nica Avan\u00e7ada com Miniplacas na Dental Press. O curso conta com grandes nomes como Alberto Consolaro e Gustavo Issac Giordani. Mais informa\u00e7\u00f5es sobre o curso no <a href=\"http:\/\/dentalpress.com.br\/curso\/imersao\/mecanica_avancada_miniplaca\/#professores\/\" xlink=\"href\">link<\/a> ou pelo telefone (44) 3033.9803.<\/p>\n<p dir=\"ltr\" style=\"text-align: justify;\">O curso de Mec\u00e2nica Avan\u00e7ada com Miniplacas \u00a0tem como objetivo, apresentar os mais novos recursos tecnol\u00f3gicos no processo de diagn\u00f3stico e planejamento multidisciplinar &#8211; \u00a0Protocolo SEG\u00ae 3D, demonstrando uma sequ\u00eancia mec\u00e2nica eficaz, realizada em um curto per\u00edodo de tempo, com menor custo biol\u00f3gico para o paciente, al\u00e9m de apresentar os novos paradigmas da Ortodontia contempor\u00e2nea, entre outros.<\/p>\n<p style=\"text-align: justify;\">Ertty Silva \u00e9 especialista em Ortodontia e Ortopedia Facial pela\u00a0Pontif\u00edcia Universidade Cat\u00f3lica (PUC) do Rio de Janeiro, idealizador dos Sistemas Ertty e autor do livro, &#8220;Sistemas Ertty &#8211; Ortodontia, DTM e Oclus\u00e3o\u201d publicado pela Dental Press. Atualmente mant\u00e9m sua cl\u00ednica em Bras\u00edlia.<\/p>\n<p>Confira as fotos:<\/p>\n<pre>[flickr_set id=\"72157664794425436\"]<\/pre>\n","protected":false},"excerpt":{"rendered":"<p>Dr. Ertty Silva ministra aula nesta sexta-feira (19) 4\u00aa Turma de Especializa\u00e7\u00e3o em Ortodontia Unicesumar\/Dental Press e \u00a05\u00aa Turma do Curso de Especializa\u00e7\u00e3o em Ortodontia UEM \/Dental Press, no per\u00edodo da manha e tarde. Lembrando tamb\u00e9m que ele \u00a0estar\u00e1 tamb\u00e9m na Dental Press em Maring\u00e1 nos dias \u00a005 a 09 de abril, para ministrar o<\/p>\n","protected":false},"author":31,"featured_media":8112,"comment_status":"open","ping_status":"closed","sticky":false,"template":"","format":"standard","meta":{"footnotes":""},"categories":[],"tags":[],"class_list":["post-8111","post","type-post","status-publish","format-standard","has-post-thumbnail"],"aioseo_notices":[],"amp_enabled":true,"_links":{"self":[{"href":"https:\/\/dentalpress.com.br\/portal\/wp-json\/wp\/v2\/posts\/8111","targetHints":{"allow":["GET"]}}],"collection":[{"href":"https:\/\/dentalpress.com.br\/portal\/wp-json\/wp\/v2\/posts"}],"about":[{"href":"https:\/\/dentalpress.com.br\/portal\/wp-json\/wp\/v2\/types\/post"}],"author":[{"embeddable":true,"href":"https:\/\/dentalpress.com.br\/portal\/wp-json\/wp\/v2\/users\/31"}],"replies":[{"embeddable":true,"href":"https:\/\/dentalpress.com.br\/portal\/wp-json\/wp\/v2\/comments?post=8111"}],"version-history":[{"count":0,"href":"https:\/\/dentalpress.com.br\/portal\/wp-json\/wp\/v2\/posts\/8111\/revisions"}],"wp:featuredmedia":[{"embeddable":true,"href":"https:\/\/dentalpress.com.br\/portal\/wp-json\/wp\/v2\/media\/8112"}],"wp:attachment":[{"href":"https:\/\/dentalpress.com.br\/portal\/wp-json\/wp\/v2\/media?parent=8111"}],"wp:term":[{"taxonomy":"category","embeddable":true,"href":"https:\/\/dentalpress.com.br\/portal\/wp-json\/wp\/v2\/categories?post=8111"},{"taxonomy":"post_tag","embeddable":true,"href":"https:\/\/dentalpress.com.br\/portal\/wp-json\/wp\/v2\/tags?post=8111"}],"curies":[{"name":"wp","href":"https:\/\/api.w.org\/{rel}","templated":true}]}}