{"id":8032,"date":"2016-01-18T11:02:28","date_gmt":"2016-01-18T14:02:28","guid":{"rendered":"https:\/\/www.dentalpress.com.br\/portal\/?p=8032"},"modified":"2017-02-20T15:21:36","modified_gmt":"2017-02-20T18:21:36","slug":"inicio-especializacao-ortodontia","status":"publish","type":"post","link":"https:\/\/dentalpress.com.br\/portal\/inicio-especializacao-ortodontia\/","title":{"rendered":"In\u00edcio da Especializa\u00e7\u00e3o na Ortodontia"},"content":{"rendered":"<p style=\"text-align: justify;\">Hoje a Dental Press recebe os professores\u00a0Ricardo Moresca e\u00a0Liogi Iwaki Filho na <a href=\"https:\/\/dentalpress.com.br\/portal\/especializacao-em-harmonizacao-orofacial\/\">especializa\u00e7\u00e3o<\/a> na <a href=\"https:\/\/dentalpress.com.br\/portal\/excelencia-em-ortodontia-2\/\">Ortodontia<\/a>. Dr. Moresca ficou respons\u00e1vel pela aula &#8220;Finaliza\u00e7\u00e3o do tratamento ortod\u00f4ntico com aparelho pr\u00e9 ajustados&#8221;. J\u00e1 o Dr. Iwaki Filho ministra a &#8220;<span style=\"color: #000000;\">Radiologia aplicada \u00e0 Ortodontia&#8221;\u00a0<\/span><em>\u00a0<\/em><\/p>\n<h2 dir=\"ltr\"><a href=\"https:\/\/dentalpress.com.br\/portal\/wp-content\/uploads\/2016\/01\/24375914381_cf194ff162_o.jpg\" xlink=\"href\"><img fetchpriority=\"high\" decoding=\"async\" class=\"aligncenter wp-image-8033 size-large\" src=\"https:\/\/dentalpress.com.br\/portal\/wp-content\/uploads\/2016\/01\/24375914381_cf194ff162_o-1024x682.jpg\" alt=\"Ortodontia\" width=\"1024\" height=\"682\" srcset=\"\/wp-content\/uploads\/2016\/01\/24375914381_cf194ff162_o-1024x682.jpg 1024w, \/wp-content\/uploads\/2016\/01\/24375914381_cf194ff162_o-300x200.jpg 300w\" sizes=\"(max-width: 1024px) 100vw, 1024px\" \/><\/a><\/h2>\n","protected":false},"excerpt":{"rendered":"<p>Hoje a Dental Press recebe os professores\u00a0Ricardo Moresca e\u00a0Liogi Iwaki Filho na especializa\u00e7\u00e3o na Ortodontia. Dr. Moresca ficou respons\u00e1vel pela aula &#8220;Finaliza\u00e7\u00e3o do tratamento ortod\u00f4ntico com aparelho pr\u00e9 ajustados&#8221;. J\u00e1 o Dr. Iwaki Filho ministra a &#8220;Radiologia aplicada \u00e0 Ortodontia&#8221;\u00a0\u00a0<\/p>\n","protected":false},"author":11,"featured_media":8033,"comment_status":"open","ping_status":"closed","sticky":false,"template":"","format":"standard","meta":{"footnotes":""},"categories":[],"tags":[],"class_list":["post-8032","post","type-post","status-publish","format-standard","has-post-thumbnail"],"aioseo_notices":[],"amp_enabled":true,"_links":{"self":[{"href":"https:\/\/dentalpress.com.br\/portal\/wp-json\/wp\/v2\/posts\/8032","targetHints":{"allow":["GET"]}}],"collection":[{"href":"https:\/\/dentalpress.com.br\/portal\/wp-json\/wp\/v2\/posts"}],"about":[{"href":"https:\/\/dentalpress.com.br\/portal\/wp-json\/wp\/v2\/types\/post"}],"author":[{"embeddable":true,"href":"https:\/\/dentalpress.com.br\/portal\/wp-json\/wp\/v2\/users\/11"}],"replies":[{"embeddable":true,"href":"https:\/\/dentalpress.com.br\/portal\/wp-json\/wp\/v2\/comments?post=8032"}],"version-history":[{"count":0,"href":"https:\/\/dentalpress.com.br\/portal\/wp-json\/wp\/v2\/posts\/8032\/revisions"}],"wp:featuredmedia":[{"embeddable":true,"href":"https:\/\/dentalpress.com.br\/portal\/wp-json\/wp\/v2\/media\/8033"}],"wp:attachment":[{"href":"https:\/\/dentalpress.com.br\/portal\/wp-json\/wp\/v2\/media?parent=8032"}],"wp:term":[{"taxonomy":"category","embeddable":true,"href":"https:\/\/dentalpress.com.br\/portal\/wp-json\/wp\/v2\/categories?post=8032"},{"taxonomy":"post_tag","embeddable":true,"href":"https:\/\/dentalpress.com.br\/portal\/wp-json\/wp\/v2\/tags?post=8032"}],"curies":[{"name":"wp","href":"https:\/\/api.w.org\/{rel}","templated":true}]}}