{"id":8026,"date":"2016-01-11T08:10:14","date_gmt":"2016-01-11T11:10:14","guid":{"rendered":"https:\/\/www.dentalpress.com.br\/portal\/?p=8026"},"modified":"2017-02-20T15:21:08","modified_gmt":"2017-02-20T18:21:08","slug":"preparacao-psicologica-crucial-realizacao-cirurgias-face","status":"publish","type":"post","link":"https:\/\/dentalpress.com.br\/portal\/preparacao-psicologica-crucial-realizacao-cirurgias-face\/","title":{"rendered":"Prepara\u00e7\u00e3o psicol\u00f3gica \u00e9 crucial para a realiza\u00e7\u00e3o de cirurgias na face"},"content":{"rendered":"<p style=\"text-align: justify;\">A maioria das pessoas, ao optarem pela realiza\u00e7\u00e3o de uma <a href=\"https:\/\/dentalpress.com.br\/portal\/curso-de-aperfeicoamento-em-cirurgia-de-dentes-retidos\/\">cirurgia<\/a> na face, obviamente ficam ansiosas para saberem os resultados finais, e claro, esperam sempre o melhor. Por\u00e9m, \u00e9 preciso tomar cuidado com essa expectativa, pois mesmo que seja para melhor, ainda assim pode n\u00e3o ser exatamente como o esperado por aquele paciente.<\/p>\n<p style=\"text-align: justify;\">\u201cA cirurgia ortogn\u00e1tica, por exemplo, \u00e9 uma cirurgia est\u00e9tica e funcional, pois al\u00e9m de promover o equil\u00edbrio facial, busca uma reabilita\u00e7\u00e3o do paciente, tanto na fun\u00e7\u00e3o mastigat\u00f3ria, fonat\u00f3ria, respirat\u00f3rio e da ATM\u201d, explica o cirurgi\u00e3o buco maxilo facial Dr. Alessandro Silva.<\/p>\n<p style=\"text-align: justify;\">Tanto o cirurgi\u00e3o <a href=\"https:\/\/dentalpress.com.br\/portal\/reforma-tributaria-impacta-dentistas-e-pacientes-com-custos\/\">dentista<\/a>, que ser\u00e1 o respons\u00e1vel pelo procedimento, como um psic\u00f3logo, tem o dever de alertar o paciente sobre todo o andamento do tratamento.<\/p>\n<p style=\"text-align: justify;\">\u201cAl\u00e9m do resultado, precisamos levar em conta todo o processo pr\u00e9 operat\u00f3rio, pois muitas vezes, se preparar para uma cirurgia como essa, torna-se algo um pouco desgastante, e n\u00f3s, que somos os especialistas, precisamos andar lado a lado nesse processo para incentiv\u00e1-los\u201d, diz a psic\u00f3loga Nivalda de Jesus.<\/p>\n<p style=\"text-align: justify;\">A cirurgia ortogn\u00e1tica \u00e9 indicada apenas para problemas espec\u00edficos, que s\u00e3o esses:<\/p>\n<ul>\n<li style=\"text-align: justify;\"><strong>Prognatismo \u2013 mand\u00edbula grande e\/ou maxila pequena;<\/strong><\/li>\n<li style=\"text-align: justify;\"><strong>Retrognatismo \u2013 mand\u00edbula pequena;<\/strong><\/li>\n<li style=\"text-align: justify;\"><strong>Assimetrias \u2013 maxilares tortos;<\/strong><\/li>\n<li style=\"text-align: justify;\"><strong>Atresia de maxila \u2013 mordida cruzada posterior; maxila estreita;<\/strong><\/li>\n<li style=\"text-align: justify;\"><strong>Disfun\u00e7\u00e3o da ATM;<\/strong><\/li>\n<li><strong>Ronco e Apn\u00e9ia Obstrutiva do <a href=\"https:\/\/dentalpress.com.br\/portal\/curso-de-aperfeicoamento-em-dtm-dor-orofacial-e-apneia-do-sono\/\">Sono<\/a>.<\/strong><\/li>\n<\/ul>\n<p style=\"text-align: justify;\">Al\u00e9m do ato cir\u00fargico, a ortogn\u00e1tica tem um longo per\u00edodo de prepara\u00e7\u00e3o, realizada em trabalho conjunto entre o cirurgi\u00e3o, o ortodontista, fonoaudi\u00f3logo, psic\u00f3logo e at\u00e9 nutricionista. \u201cDe acordo com o problema de cada paciente, existe uma prepara\u00e7\u00e3o de 18 a 24 meses, que inclui o tratamento com aparelho ortod\u00f4ntico, fonoterapia e psicoterapia. Em seguida, \u00e9 realizada a cirurgia, e, ainda, tem o per\u00edodo de finaliza\u00e7\u00e3o em que \u00e9 feito mais um tratamento ortod\u00f4ntico por mais 8 a 12 meses, tamb\u00e9m dependendo de cada caso\u201d, relata Dr. Alessandro.<\/p>\n<p style=\"text-align: justify;\">\u00c9 importante ressaltar tamb\u00e9m outra \u201cdificuldade\u201d do p\u00f3s operat\u00f3rio, onde o dentista indica o consumo apenas de l\u00edquidos durante 45 dias, pois ele est\u00e1 impossibilitado de mastigar, j\u00e1 que a cirurgia mexe totalmente nas articula\u00e7\u00f5es na boca, e, \u00e9 nessa fase que entra a ajuda de uma nutricionista, que deve criar um card\u00e1pio de consumo l\u00edquido, por\u00e9m, composto por todos ingredientes e substancias necess\u00e1rias para sa\u00fade daquele indiv\u00edduo.<\/p>\n<p style=\"text-align: justify;\">O preparo desse tipo de tratamento \u00e9 dividido em 3 fases, e, em cada uma delas, o acompanhamento de profissionais \u00e9 muito importante. Na primeira etapa, que \u00e9 o preparo cir\u00fargico, \u00e9 preciso preparar a \u201cpaci\u00eancia\u201d do indiv\u00edduo e esclarecer todos os passos que ser\u00e3o feitos nesses meses. A segunda fase \u00e9 a pr\u00f3pria cirurgia, e, a terceira e \u00faltima \u00e9 o p\u00f3s operat\u00f3rio e a finaliza\u00e7\u00e3o ortod\u00f4ntica.<\/p>\n<p style=\"text-align: justify;\">\u201cNessa etapa tamb\u00e9m \u00e9 importante que o acompanhamento psicol\u00f3gico seja bem focado, pois at\u00e9 o paciente conseguir enxergar o resultado final e ficar satisfeito com o mesmo, leva um certo tempo\u201d, conta a psic\u00f3loga. Segundo o dentista, \u201cisso acontece, porque o rosto permanece por algumas semanas bem inchado, o que acaba dificultando a visibilidade do resultado, principalmente quanto o paciente espera algo que criou em sua cabe\u00e7a e n\u00e3o v\u00ea, causando certa frustra\u00e7\u00e3o\u201d.<\/p>\n<p style=\"text-align: justify;\">Felizmente, depois do per\u00edodo recomendado pelos especialistas, o paciente finalmente consegue ver o resultado positivo e os feedbacks s\u00e3o 100% satisfat\u00f3rios, como no caso do Felipe Ortega, hoje com 24 anos.<\/p>\n<p style=\"text-align: justify;\">\u201cA auto estima e a qualidade de vida melhoram mil por cento! Vale a pena esperar cada dia! Muitas vezes d\u00e1 vontade de desistir, porque s\u00e3o muitas etapas at\u00e9 chegar no resultado final. Mas quando chega a hora certa e voc\u00ea v\u00ea o resultado, a sensa\u00e7\u00e3o \u00e9 indescrit\u00edvel. Faria tudo outra vez. Me olho no espelho e pare\u00e7o outra pessoa, muito melhor, claro!\u00a0 A mudan\u00e7a est\u00e9tica \u00e9 maravilhosa, mas a minha sa\u00fade mudou da \u00e1gua para o vinho, consigo falar com clareza, respiro muito bem e at\u00e9 consigo comer melhor\u201d, relata o paciente, que tinha 19 anos quando fez a cirurgia devido a um problema de mordida.<\/p>\n<p style=\"text-align: justify;\">Por isso \u00e9 t\u00e3o importante termos todos esses profissionais durante todo esse processo, para que n\u00e3o aconte\u00e7a a vontade do paciente em desistir pela \u201cfalta de paci\u00eancia\u201d, porque al\u00e9m de tratar de uma quest\u00e3o est\u00e9tica, trata de um problema de sa\u00fade, e, o paciente precisa ter em mente que precisa passar por tudo isso para ter um futuro melhor!<\/p>\n","protected":false},"excerpt":{"rendered":"<p>A maioria das pessoas, ao optarem pela realiza\u00e7\u00e3o de uma cirurgia na face, obviamente ficam ansiosas para saberem os resultados finais, e claro, esperam sempre o melhor. Por\u00e9m, \u00e9 preciso tomar cuidado com essa expectativa, pois mesmo que seja para melhor, ainda assim pode n\u00e3o ser exatamente como o esperado por aquele paciente. \u201cA cirurgia<\/p>\n","protected":false},"author":11,"featured_media":0,"comment_status":"open","ping_status":"closed","sticky":false,"template":"","format":"standard","meta":{"footnotes":""},"categories":[],"tags":[],"class_list":["post-8026","post","type-post","status-publish","format-standard"],"aioseo_notices":[],"amp_enabled":true,"_links":{"self":[{"href":"https:\/\/dentalpress.com.br\/portal\/wp-json\/wp\/v2\/posts\/8026","targetHints":{"allow":["GET"]}}],"collection":[{"href":"https:\/\/dentalpress.com.br\/portal\/wp-json\/wp\/v2\/posts"}],"about":[{"href":"https:\/\/dentalpress.com.br\/portal\/wp-json\/wp\/v2\/types\/post"}],"author":[{"embeddable":true,"href":"https:\/\/dentalpress.com.br\/portal\/wp-json\/wp\/v2\/users\/11"}],"replies":[{"embeddable":true,"href":"https:\/\/dentalpress.com.br\/portal\/wp-json\/wp\/v2\/comments?post=8026"}],"version-history":[{"count":0,"href":"https:\/\/dentalpress.com.br\/portal\/wp-json\/wp\/v2\/posts\/8026\/revisions"}],"wp:attachment":[{"href":"https:\/\/dentalpress.com.br\/portal\/wp-json\/wp\/v2\/media?parent=8026"}],"wp:term":[{"taxonomy":"category","embeddable":true,"href":"https:\/\/dentalpress.com.br\/portal\/wp-json\/wp\/v2\/categories?post=8026"},{"taxonomy":"post_tag","embeddable":true,"href":"https:\/\/dentalpress.com.br\/portal\/wp-json\/wp\/v2\/tags?post=8026"}],"curies":[{"name":"wp","href":"https:\/\/api.w.org\/{rel}","templated":true}]}}