{"id":7754,"date":"2015-11-13T10:36:35","date_gmt":"2015-11-13T13:36:35","guid":{"rendered":"https:\/\/www.dentalpress.com.br\/portal\/?p=7754"},"modified":"2015-11-15T09:00:16","modified_gmt":"2015-11-15T12:00:16","slug":"dental-press-conta-representantes-24o-congresso-ordem-medicos-dentistas-lisboa","status":"publish","type":"post","link":"https:\/\/dentalpress.com.br\/portal\/dental-press-conta-representantes-24o-congresso-ordem-medicos-dentistas-lisboa\/","title":{"rendered":"Dental Press participa do 24\u00ba Congresso da OMD em Portugal"},"content":{"rendered":"<p>A Dental Press participa esta semana do 24\u00ba Congresso da Ordem dos M\u00e9dicos <a href=\"https:\/\/dentalpress.com.br\/portal\/reforma-tributaria-impacta-dentistas-e-pacientes-com-custos\/\">Dentistas<\/a> (OMD), que ocorre em Lisboa, Portugal, entre 12 e 14 de novembro. O programa contempla apresenta\u00e7\u00f5es cient\u00edficas e <a href=\"https:\/\/dentalpress.com.br\/portal\/especializacao-em-implantodontia-transforme-sua-carreira-com-precisao-e-seguranca\/\">cursos<\/a> pr\u00e1ticos de diversas especialidades da Odontologia, como <a href=\"https:\/\/dentalpress.com.br\/portal\/curso-de-aperfeicoamento-em-cirurgia-de-dentes-retidos\/\">Cirurgia<\/a> Oral, Odontopediatria e Periodontia,\u00a0al\u00e9m de concurso de fotos e intensa programa\u00e7\u00e3o social.<\/p>\n<p>O evento conta com mais de cem conferencistas de diversas especialidades da Odontologia, entre eles os brasileiros Dr. Sidney Kina, autor dos livros<em>\u00a0Invis\u00edvel &#8211; Restaura\u00e7\u00f5es Est\u00e9ticas Cer\u00e2micas<\/em>\u00a0(Ed. Dental Press) e\u00a0<em>Equilibrium: cer\u00e2micas adesivas case book<\/em>\u00a0(Ed. Artes M\u00e9dicas); e Dr. Ewerton Nocchi, membro editorial e ex-editor chefe da Revista Dental Press de Est\u00e9tica e autor dos livros\u00a0<em>Sa\u00fade e Est\u00e9tica<\/em>\u00a0(Ed. Artmed),\u00a0<em>Odontolog\u00eda <a href=\"https:\/\/dentalpress.com.br\/portal\/especializacao-em-dentistica-restauradora\/\">Restauradora<\/a><\/em>\u00a0(Ed. Panamericana, em espanhol),\u00a0<em>Restaura\u00e7\u00f5es Est\u00e9ticas: Comp\u00f3sitos, Cer\u00e2micas e Implantes<\/em>\u00a0(Ed. Artmed) e\u00a0<em>Vis\u00e3o Horizontal<\/em>\u00a0(Ed. Dental Press).<\/p>\n<p>A assessora comercial Roseneide Martins representa a editora Dental Press no estande. Mais informa\u00e7\u00f5es sobre a programa\u00e7\u00e3o no\u00a0<a href=\"http:\/\/www.omd.pt\/congresso. \" target=\"_blank\">site do congresso<\/a>.<\/p>\n<pre>[flickr_set id=\"72157661090397506\"]<\/pre>\n","protected":false},"excerpt":{"rendered":"<p>A Dental Press participa esta semana do 24\u00ba Congresso da Ordem dos M\u00e9dicos Dentistas (OMD), que ocorre em Lisboa, Portugal, entre 12 e 14 de novembro. O programa contempla apresenta\u00e7\u00f5es cient\u00edficas e cursos pr\u00e1ticos de diversas especialidades da Odontologia, como Cirurgia Oral, Odontopediatria e Periodontia,\u00a0al\u00e9m de concurso de fotos e intensa programa\u00e7\u00e3o social. O evento<\/p>\n","protected":false},"author":11,"featured_media":7791,"comment_status":"open","ping_status":"closed","sticky":false,"template":"","format":"standard","meta":{"footnotes":""},"categories":[],"tags":[],"class_list":["post-7754","post","type-post","status-publish","format-standard","has-post-thumbnail"],"aioseo_notices":[],"amp_enabled":true,"_links":{"self":[{"href":"https:\/\/dentalpress.com.br\/portal\/wp-json\/wp\/v2\/posts\/7754","targetHints":{"allow":["GET"]}}],"collection":[{"href":"https:\/\/dentalpress.com.br\/portal\/wp-json\/wp\/v2\/posts"}],"about":[{"href":"https:\/\/dentalpress.com.br\/portal\/wp-json\/wp\/v2\/types\/post"}],"author":[{"embeddable":true,"href":"https:\/\/dentalpress.com.br\/portal\/wp-json\/wp\/v2\/users\/11"}],"replies":[{"embeddable":true,"href":"https:\/\/dentalpress.com.br\/portal\/wp-json\/wp\/v2\/comments?post=7754"}],"version-history":[{"count":0,"href":"https:\/\/dentalpress.com.br\/portal\/wp-json\/wp\/v2\/posts\/7754\/revisions"}],"wp:featuredmedia":[{"embeddable":true,"href":"https:\/\/dentalpress.com.br\/portal\/wp-json\/wp\/v2\/media\/7791"}],"wp:attachment":[{"href":"https:\/\/dentalpress.com.br\/portal\/wp-json\/wp\/v2\/media?parent=7754"}],"wp:term":[{"taxonomy":"category","embeddable":true,"href":"https:\/\/dentalpress.com.br\/portal\/wp-json\/wp\/v2\/categories?post=7754"},{"taxonomy":"post_tag","embeddable":true,"href":"https:\/\/dentalpress.com.br\/portal\/wp-json\/wp\/v2\/tags?post=7754"}],"curies":[{"name":"wp","href":"https:\/\/api.w.org\/{rel}","templated":true}]}}