{"id":7595,"date":"2016-04-15T15:02:37","date_gmt":"2016-04-15T18:02:37","guid":{"rendered":"https:\/\/www.dentalpress.com.br\/portal\/?p=7595"},"modified":"2016-04-28T16:46:31","modified_gmt":"2016-04-28T19:46:31","slug":"bruxismo-afeta-atividade-eletrica-musculos-mastigacao","status":"publish","type":"post","link":"https:\/\/dentalpress.com.br\/portal\/bruxismo-afeta-atividade-eletrica-musculos-mastigacao\/","title":{"rendered":"Bruxismo afeta atividade el\u00e9trica dos m\u00fasculos da mastiga\u00e7\u00e3o"},"content":{"rendered":"<p style=\"text-align: justify;\"><img fetchpriority=\"high\" decoding=\"async\" class=\" wp-image-9021 alignright\" src=\"https:\/\/dentalpress.com.br\/portal\/wp-content\/uploads\/2015\/10\/01_a_thumb25-1.jpg\" alt=\"01_a_thumb25\" width=\"409\" height=\"245\" srcset=\"\/wp-content\/uploads\/2015\/10\/01_a_thumb25-1.jpg 543w, \/wp-content\/uploads\/2015\/10\/01_a_thumb25-1-300x180.jpg 300w\" sizes=\"(max-width: 409px) 100vw, 409px\" \/>Resultados de pesquisa realizada na Faculdade de Odontologia de Ribeir\u00e3o Preto (FORP) da USP mostram que o bruxismo do <a href=\"https:\/\/dentalpress.com.br\/portal\/curso-de-aperfeicoamento-em-dtm-dor-orofacial-e-apneia-do-sono\/\">sono<\/a> (movimentos repetitivos da mand\u00edbula durante o sono, com ranger e apertar dos <a href=\"https:\/\/dentalpress.com.br\/portal\/curso-de-aperfeicoamento-em-cirurgia-de-dentes-retidos\/\">dentes<\/a>) causam diminui\u00e7\u00e3o da atividade el\u00e9trica dos m\u00fasculos mastigat\u00f3rios.<\/p>\n<p style=\"text-align: justify;\">O estudo revelou que a espessura dos m\u00fasculos da mastiga\u00e7\u00e3o e da for\u00e7a da mordida n\u00e3o se alteraram e tamb\u00e9m confirmou piores condi\u00e7\u00f5es na qualidade de vida desse p\u00fablico que sofre com o sono ruim, aumento do n\u00famero de vezes que desperta e cansa\u00e7o muscular provocado pelo ranger e apertar dos dentes devido \u00e0\u00a0movimenta\u00e7\u00e3o desses m\u00fasculos, durante o sono.<\/p>\n<p style=\"text-align: justify;\">No caso dos portadores de bruxismo do sono, a resposta diminu\u00edda desses sinais el\u00e9tricos pode ser de prote\u00e7\u00e3o do pr\u00f3prio organismo para que n\u00e3o ocorra fadiga muscular ou tamb\u00e9m pode ser que a fadiga j\u00e1 esteja instalada. Mas, o pesquisador respons\u00e1vel pelo estudo, Marcelo Palinkas, adianta que \u201cs\u00e3o apenas hip\u00f3teses\u201d, pois n\u00e3o avaliaram o processo de fadiga muscular nesta pesquisa.<\/p>\n<p style=\"text-align: justify;\"><strong>Impacto positivo<br \/>\n<\/strong>\u201cO impacto do estudo foi \u201cextremamente positivo\u201d, avaliou Palinkas, pois \u201cdemonstrou a lacuna existente na literatura m\u00e9dica e odontol\u00f3gica quanto \u00e0 an\u00e1lise desses m\u00fasculos relacionados ao tema bruxismo\u201d. Al\u00e9m de oferecer informa\u00e7\u00f5es para estudos cient\u00edficos nessa \u00e1rea, a pesquisa mostrou a import\u00e2ncia de atua\u00e7\u00e3o multiprofissional, de <a href=\"https:\/\/dentalpress.com.br\/portal\/reforma-tributaria-impacta-dentistas-e-pacientes-com-custos\/\">dentistas<\/a> e m\u00e9dicos, para oferecer \u00e0 popula\u00e7\u00e3o ferramentas e diagn\u00f3sticos mais precisos do dist\u00farbio do sono.<\/p>\n<p style=\"text-align: justify;\">Para o especialista, com diagn\u00f3stico preciso, \u201cos progn\u00f3sticos ser\u00e3o mais favor\u00e1veis e o tratamento mais adequado, podendo proporcionar melhor qualidade de vida aos portadores do bruxismo do sono\u201d.<\/p>\n<p style=\"text-align: justify;\">Como demonstrou que os portadores de bruxismo do sono sofrem altera\u00e7\u00f5es funcionais dos m\u00fasculos da mastiga\u00e7\u00e3o, Palinkas defende o uso da polissonografia, que \u00e9 considerado exame \u201cpadr\u00e3o ouro internacional\u201d, para que o diagn\u00f3stico seja mais preciso, pois \u201canalisa toda a arquitetura do sono\u201d, isso, apesar de ser um exame caro. No Brasil, continua ele, muitos cirurgi\u00f5es dentistas realizam apenas o diagn\u00f3stico do bruxismo pelo exame cl\u00ednico.<\/p>\n<p style=\"text-align: justify;\"><strong>Uso da tecnologia para diagn\u00f3sticos mais precisos<br \/>\n<\/strong>Para o estudo, foram analisadas 90 pessoas de 18 a 45 anos de idade. Todas foram submetidos a polissonografia (exame usado para investigar v\u00e1rios dist\u00farbios do sono), confirmando ou descartando o bruxismo do sono. Com os dois grupos de pessoas \u2014aqueles que apresentavam o bruxismo e os que n\u00e3o \u2014, Palinkas passou todos por an\u00e1lises em equipamentos eletr\u00f4nicos de \u00faltima gera\u00e7\u00e3o para verificar atividade el\u00e9trica e espessura muscular, for\u00e7a da mordida e an\u00e1lise da qualidade de vida de cada um.<\/p>\n<p style=\"text-align: justify;\">A baixa atividade el\u00e9trica foi detectada nos portadores de bruxismo do sono durante avalia\u00e7\u00e3o cl\u00ednica, em exame eletromiogr\u00e1fico \u2014\u00a0com aparelho que oferece informa\u00e7\u00e3o de quanto e como um m\u00fasculo \u00e9 ativado. Conta Palinkas que, por meio desse exame, consegue-se ainda \u201cdeterminar como se estabelece a coordena\u00e7\u00e3o de diferentes m\u00fasculos envolvidos no movimento corporal, sinalizando ou n\u00e3o altera\u00e7\u00f5es funcionais\u201d.<\/p>\n<p style=\"text-align: justify;\">Esses resultados s\u00e3o parte da tese de doutorado\u00a0<em>I<\/em><em>mpacto do bruxismo do sono na musculatura do sistema estomatogn\u00e1tico: avalia\u00e7\u00e3o eletromiogr\u00e1fica, for\u00e7a de mordida, fun\u00e7\u00e3o mastigat\u00f3ria, ultrassonogr\u00e1fica e qualidade de vida<\/em>, que Marcelo Palinkas apresentou \u00e0 FORP em fevereiro deste ano, com orienta\u00e7\u00e3o da professora Simone Cec\u00edlio Hallak Regalo.<\/p>\n<p style=\"text-align: justify;\">O estudo foi feito no laborat\u00f3rio de eletromiografia \u201cProf. Dr. Mathias Vitti\u201d na FORP, com apoio financeiro da Funda\u00e7\u00e3o de Amparo \u00e0 Pesquisa do Estado de S\u00e3o Paulo (Fapesp) Contou com a colabora\u00e7\u00e3o de Graziela de Luca Canto, La\u00edse Ang\u00e9lica Rodrigues, C\u00e9sar Bataglion, Selma Si\u00e9ssere, Marisa Semprini e Simone Cecilio Hallak. Foi publicado com o t\u00edtulo\u00a0<em>Comparative Capabilities of Clinical Assessment, Diagnostic Criteria, and Polysomnography in Detecting Sleep Bruxism<\/em>\u00a0na revista\u00a0<em>Journal of Clinical Sleep Medicine\u00a0<\/em>em julho.<\/p>\n<p style=\"text-align: justify;\"><strong>Dist\u00farbio inconsciente<br \/>\n<\/strong>O bruxismo do sono \u201c\u00e9 considerado, quando patol\u00f3gico, muito grave\u201d, alerta o pesquisador, j\u00e1 que influencia a qualidade de vida do ser humano, podendo provocar o \u201cdesequil\u00edbrio funcional dos m\u00fasculos da mastiga\u00e7\u00e3o\u201d.<\/p>\n<p style=\"text-align: justify;\">Manifesta-se por movimentos repetitivos da boca (mand\u00edbula), \u201cdecorrentes da atividade r\u00edtmica do m\u00fasculo masseter, associado aos microdespertares durante o sono e ranger e\/ou apertar dos dentes\u201d.<\/p>\n<p style=\"text-align: justify;\">\u00c9 observado em todas as faixas et\u00e1rias, sendo mais frequente dos 15 aos 40 anos. Atinge cerca de 80% a 95% da popula\u00e7\u00e3o mundial em alguma fase da vida. Aproximadamente 30 milh\u00f5es de brasileiros desenvolvem o bruxismo do sono.<\/p>\n<p>&nbsp;<\/p>\n<p style=\"text-align: right;\"><strong>FONTE<\/strong>: Ag\u00eancia USP de Not\u00edcias<\/p>\n","protected":false},"excerpt":{"rendered":"<p>Resultados de pesquisa realizada na Faculdade de Odontologia de Ribeir\u00e3o Preto (FORP) da USP mostram que o bruxismo do sono (movimentos repetitivos da mand\u00edbula durante o sono, com ranger e apertar dos dentes) causam diminui\u00e7\u00e3o da atividade el\u00e9trica dos m\u00fasculos mastigat\u00f3rios. O estudo revelou que a espessura dos m\u00fasculos da mastiga\u00e7\u00e3o e da for\u00e7a da<\/p>\n","protected":false},"author":20,"featured_media":7603,"comment_status":"open","ping_status":"closed","sticky":false,"template":"","format":"standard","meta":{"footnotes":""},"categories":[],"tags":[],"class_list":["post-7595","post","type-post","status-publish","format-standard","has-post-thumbnail"],"aioseo_notices":[],"amp_enabled":true,"_links":{"self":[{"href":"https:\/\/dentalpress.com.br\/portal\/wp-json\/wp\/v2\/posts\/7595","targetHints":{"allow":["GET"]}}],"collection":[{"href":"https:\/\/dentalpress.com.br\/portal\/wp-json\/wp\/v2\/posts"}],"about":[{"href":"https:\/\/dentalpress.com.br\/portal\/wp-json\/wp\/v2\/types\/post"}],"author":[{"embeddable":true,"href":"https:\/\/dentalpress.com.br\/portal\/wp-json\/wp\/v2\/users\/20"}],"replies":[{"embeddable":true,"href":"https:\/\/dentalpress.com.br\/portal\/wp-json\/wp\/v2\/comments?post=7595"}],"version-history":[{"count":0,"href":"https:\/\/dentalpress.com.br\/portal\/wp-json\/wp\/v2\/posts\/7595\/revisions"}],"wp:featuredmedia":[{"embeddable":true,"href":"https:\/\/dentalpress.com.br\/portal\/wp-json\/wp\/v2\/media\/7603"}],"wp:attachment":[{"href":"https:\/\/dentalpress.com.br\/portal\/wp-json\/wp\/v2\/media?parent=7595"}],"wp:term":[{"taxonomy":"category","embeddable":true,"href":"https:\/\/dentalpress.com.br\/portal\/wp-json\/wp\/v2\/categories?post=7595"},{"taxonomy":"post_tag","embeddable":true,"href":"https:\/\/dentalpress.com.br\/portal\/wp-json\/wp\/v2\/tags?post=7595"}],"curies":[{"name":"wp","href":"https:\/\/api.w.org\/{rel}","templated":true}]}}