{"id":6973,"date":"2017-06-02T12:00:44","date_gmt":"2017-06-02T15:00:44","guid":{"rendered":"https:\/\/www.dentalpress.com.br\/portal\/?p=6973"},"modified":"2017-06-02T12:09:23","modified_gmt":"2017-06-02T15:09:23","slug":"estudo-relaciona-gengivite-dificuldade-engravidar","status":"publish","type":"post","link":"https:\/\/dentalpress.com.br\/portal\/estudo-relaciona-gengivite-dificuldade-engravidar\/","title":{"rendered":"Estudo relaciona gengivite com dificuldade de engravidar"},"content":{"rendered":"<p style=\"text-align: justify;\">Quando chega a hora de engravidar, muitas mulheres j\u00e1 agendam todos os exames ginecol\u00f3gicos recomendados para ter uma gesta\u00e7\u00e3o tranquila. Acontece que, para o corpo funcionar perfeitamente, todas as engrenagens do organismo devem estar bem cuidadas e isso inclui a sa\u00fade bucal. Uma pesquisa apresentada no encontro anual da Sociedade Europeia de Reprodu\u00e7\u00e3o Humana mostrou que mulheres com doen\u00e7as periodontais \u2013 nas gengivas \u2013 demoravam cerca de dois meses a mais para engravidar do que as que tinham a gengiva saud\u00e1vel.<a href=\"https:\/\/dentalpress.com.br\/portal\/wp-content\/uploads\/2015\/08\/Gengivite.jpg\"><img fetchpriority=\"high\" decoding=\"async\" class=\"wp-image-6974 aligncenter\" src=\"https:\/\/dentalpress.com.br\/portal\/wp-content\/uploads\/2015\/08\/Gengivite.jpg\" alt=\"Gengivite\" width=\"652\" height=\"430\" srcset=\"\/wp-content\/uploads\/2015\/08\/Gengivite.jpg 940w, \/wp-content\/uploads\/2015\/08\/Gengivite-300x197.jpg 300w\" sizes=\"(max-width: 652px) 100vw, 652px\" \/><\/a><\/p>\n<p style=\"text-align: justify;\">A explica\u00e7\u00e3o, segundo a ginecologista Camila Cambiaghi, do Instituto Paulista de Ginecologia e Obstetr\u00edcia, \u00e9 que a doen\u00e7a periodontal \u00e9 uma infec\u00e7\u00e3o e inflama\u00e7\u00e3o na gengiva e nos tecidos ao redor do dente, causada pelo ac\u00famulo de placa bacteriana n\u00e3o removida periodicamente. \u201cQuando o organismo reconhece a presen\u00e7a das bact\u00e9rias, nosso sistema imune \u00e9 ativado pela atua\u00e7\u00e3o das nossas c\u00e9lulas de defesa e libera\u00e7\u00e3o de citoquinas inflamat\u00f3rias, prote\u00ednas importantes no controle da resposta imune. Essas citoquinas podem cair na corrente sangu\u00ednea e se disseminar por todo o organismo, podendo, sim, levar uma dificuldade na concep\u00e7\u00e3o\u201d, diz.<\/p>\n<p style=\"text-align: justify;\">Fabia Vilarino, coordenadora do Ambulat\u00f3rio de Endometriose e de Doa\u00e7\u00e3o de Gametas do Instituto Ideia F\u00e9rtil, conta que uma pesquisa avaliou o endom\u00e9trio (a camada interna do \u00fatero, respons\u00e1vel pela implanta\u00e7\u00e3o do embri\u00e3o) de mulheres que teriam periodontite cr\u00f4nica e identificou altera\u00e7\u00f5es importantes que seriam respons\u00e1veis por uma maior dificuldade para engravidar. \u201cMas \u00e9 v\u00e1lido ressaltar que a infertilidade pode ser multifatorial, ou seja, pode haver mais de uma causa para a dificuldade de engravidar\u201d, ressalta.<\/p>\n<p style=\"text-align: justify;\"><strong>Para reverter o quadro\u00a0<\/strong><br \/>\nA causa mais comum da gengivite (e periodontite) \u00e9 a falta de higiene. A partir do momento em que a mulher planeja engravidar, deve se preparar, com consultas em seu m\u00e9dico obstetra e tamb\u00e9m prestando aten\u00e7\u00e3o na sua sa\u00fade bucal, realizando a higiene correta e tendo acompanhamento de rotina com seu <a href=\"https:\/\/dentalpress.com.br\/portal\/reforma-tributaria-impacta-dentistas-e-pacientes-com-custos\/\">dentista<\/a>. \u00a0\u201c\u00c9 importante que mulheres que j\u00e1 estejam com a gengivite instalada recebam o tratamento pelo dentista antes de engravidar\u201d, afirma Camila. \u201cAs visitas regulares a esse profissional e uma boa higiene oral podem evitar a influ\u00eancia sobre a fertilidade\u201d, completa Fabia.<\/p>\n<p style=\"text-align: justify;\"><strong>Na gesta\u00e7\u00e3o\u00a0<\/strong><br \/>\nAo contr\u00e1rio do que se imagina, a gesta\u00e7\u00e3o \u00e9 apenas um fator modificador da doen\u00e7a periodontal e n\u00e3o um causador. \u201cDevido a altera\u00e7\u00f5es hormonais, ocorre uma maior vasculariza\u00e7\u00e3o <a href=\"https:\/\/dentalpress.com.br\/portal\/imersao-em-correcao-de-sorriso-gengival\/\">gengival<\/a> durante a gesta\u00e7\u00e3o. A gengiva fica mais suscet\u00edvel, no entanto, o que causa a inflama\u00e7\u00e3o \u00e9 a placa bacteriana, e n\u00e3o a gravidez\u201d, diz Thais Paragis Sanchez, cirurgi\u00e3-dentista do Instituto Israelita de Responsabilidade Social.<\/p>\n<p style=\"text-align: justify;\">Isso significa que, devido aos horm\u00f4nios, as inflama\u00e7\u00f5es gengivais podem ser exacerbadas nas gestantes. Nessa fase, h\u00e1 mudan\u00e7as nos h\u00e1bitos alimentares \u2013 dieta mais rica em carboidratos e a ingest\u00e3o de alimentos em intervalos menores \u2013 e, principalmente, mais forma\u00e7\u00e3o da placa bacteriana sobre os <a href=\"https:\/\/dentalpress.com.br\/portal\/curso-de-aperfeicoamento-em-cirurgia-de-dentes-retidos\/\">dentes<\/a>. A gestante muitas vezes n\u00e3o realiza a escova\u00e7\u00e3o da forma adequada, porque a escova e ou a pasta de dentes induzem ao enj\u00f4o, e essa defici\u00eancia na higiene oral provoca o maior ac\u00famulo da placa sobre os dentes. \u201cEntretanto, se forem realizados acompanhamento profissional e boa higiene oral, elas n\u00e3o ter\u00e3o quaisquer problemas de origem odontol\u00f3gica nesse per\u00edodo\u201d, afirma a especialista.<\/p>\n<p>&nbsp;<\/p>\n<p style=\"text-align: right;\"><strong>FONTE:<\/strong> Portal<strong>\u00a0<\/strong>Terra &#8211; Sa\u00fade<\/p>\n","protected":false},"excerpt":{"rendered":"<p>Quando chega a hora de engravidar, muitas mulheres j\u00e1 agendam todos os exames ginecol\u00f3gicos recomendados para ter uma gesta\u00e7\u00e3o tranquila. Acontece que, para o corpo funcionar perfeitamente, todas as engrenagens do organismo devem estar bem cuidadas e isso inclui a sa\u00fade bucal. Uma pesquisa apresentada no encontro anual da Sociedade Europeia de Reprodu\u00e7\u00e3o Humana mostrou<\/p>\n","protected":false},"author":20,"featured_media":18543,"comment_status":"open","ping_status":"closed","sticky":false,"template":"","format":"standard","meta":{"footnotes":""},"categories":[],"tags":[],"class_list":["post-6973","post","type-post","status-publish","format-standard","has-post-thumbnail"],"aioseo_notices":[],"amp_enabled":true,"_links":{"self":[{"href":"https:\/\/dentalpress.com.br\/portal\/wp-json\/wp\/v2\/posts\/6973","targetHints":{"allow":["GET"]}}],"collection":[{"href":"https:\/\/dentalpress.com.br\/portal\/wp-json\/wp\/v2\/posts"}],"about":[{"href":"https:\/\/dentalpress.com.br\/portal\/wp-json\/wp\/v2\/types\/post"}],"author":[{"embeddable":true,"href":"https:\/\/dentalpress.com.br\/portal\/wp-json\/wp\/v2\/users\/20"}],"replies":[{"embeddable":true,"href":"https:\/\/dentalpress.com.br\/portal\/wp-json\/wp\/v2\/comments?post=6973"}],"version-history":[{"count":0,"href":"https:\/\/dentalpress.com.br\/portal\/wp-json\/wp\/v2\/posts\/6973\/revisions"}],"wp:featuredmedia":[{"embeddable":true,"href":"https:\/\/dentalpress.com.br\/portal\/wp-json\/wp\/v2\/media\/18543"}],"wp:attachment":[{"href":"https:\/\/dentalpress.com.br\/portal\/wp-json\/wp\/v2\/media?parent=6973"}],"wp:term":[{"taxonomy":"category","embeddable":true,"href":"https:\/\/dentalpress.com.br\/portal\/wp-json\/wp\/v2\/categories?post=6973"},{"taxonomy":"post_tag","embeddable":true,"href":"https:\/\/dentalpress.com.br\/portal\/wp-json\/wp\/v2\/tags?post=6973"}],"curies":[{"name":"wp","href":"https:\/\/api.w.org\/{rel}","templated":true}]}}