{"id":6281,"date":"2015-05-14T11:58:06","date_gmt":"2015-05-14T14:58:06","guid":{"rendered":"https:\/\/www.dentalpress.com.br\/portal\/?p=6281"},"modified":"2015-06-16T11:50:24","modified_gmt":"2015-06-16T14:50:24","slug":"diretoria-crosp-toma-posse-sao-paulo","status":"publish","type":"post","link":"https:\/\/dentalpress.com.br\/portal\/diretoria-crosp-toma-posse-sao-paulo\/","title":{"rendered":"Nova diretoria do CROSP toma posse em S\u00e3o Paulo"},"content":{"rendered":"<p><em>Com assessoria de imprensa<\/em><\/p>\n<p>Os conselheiros eleitos para a gest\u00e3o 2015\/2017, membros do plen\u00e1rio e a diretoria do Conselho Regional de Odontologia de S\u00e3o Paulo, foram empossados em solenidade realizada na Assembleia Legislativa do Estado de S\u00e3o Paulo (Alesp).\u00a0O evento foi aberto a todos os profissionais inscritos e a cerim\u00f4nia foi conduzida pelo presidente da Alesp, o deputado Fernando Capez, por iniciativa do pr\u00f3prio parlamentar, que destacou aos presentes sua liga\u00e7\u00e3o familiar com a profiss\u00e3o.<\/p>\n<p>Tomaram posse: presidente, Claudio Yukio Miyake; secret\u00e1rio, Marco Antonio Manfredini; tesoureiro, Marcos Jenay Capez; presidente da comiss\u00e3o de tomada de contas Nilden Carlos Alves Cardoso, presidente da comiss\u00e3o de \u00e9tica Wilson Chediek, conselheiros, Maria Lucia Zarvos Varellis, Mary Caroline Skelton Macedo, Rada El Achkar da Silva, Rog\u00e9rio Adib Kairalla, Ueide Fernando Fontana.<\/p>\n<p>A \u201cOrquestra Sinf\u00f4nica Minha Terra Mogi\u201d, com cerca de 70 m\u00fasicos e regida pelo maestro Lelis Gerson, agraciou a cerim\u00f4nia\u00a0com uma impec\u00e1vel execu\u00e7\u00e3o do Hino Nacional Brasileiro e ainda prestigiou os presentes com outras apresenta\u00e7\u00f5es, incluindo o cl\u00e1ssico \u201cBarbeiro de Sevilha,\u201d do compositor Gioachino Rossini. A solenidade tamb\u00e9m homenageou os profissionais remidos, lembrados pelos presentes em virtude de seu comprometimento pregresso, que abriu caminhos para a Odontologia. Tamb\u00e9m os especialistas presentes foram publicamente homenageados.<\/p>\n<p>A entrega do diploma ao presidente do CROSP, e conselheiros foi conduzida pelo presidente do Conselho Federal de Odontologia,\u00a0<em>Ailton Diogo Morilhas Rodrigues. E<\/em>m seu discurso ele parabenizou a atua\u00e7\u00e3o do CROSP e seus conselheiros. \u201cS\u00e3o dignos de nossas maiores honras, n\u00e3o apenas pelo seu trabalho para a Odontologia de S\u00e3o Paulo, mas para a Odontologia brasileira\u201d, disse. \u201cN\u00e3o faltam coragem e vontade pol\u00edtica em prol da popula\u00e7\u00e3o e da melhoria da sa\u00fade bucal dos cidad\u00e3os do estado e a reelei\u00e7\u00e3o de um colega mostra o quanto ele tem se empenhado para o seu estado\u201d, declarou.<\/p>\n<p>J\u00e1 o presidente da Associa\u00e7\u00e3o Brasileira de Cirurgi\u00f5es <a href=\"https:\/\/dentalpress.com.br\/portal\/reforma-tributaria-impacta-dentistas-e-pacientes-com-custos\/\">Dentistas<\/a> (ABCD), Silvio Cecchetto, fez quest\u00e3o de agradecer o comprometimento do Conselho em prol da campanha de combate ao c\u00e2ncer bucal. Ele tamb\u00e9m elogiou o grupo de conselheiros e, nominalmente, o presidente Claudio Miyake. \u201cAgrade\u00e7o o CROSP pelo engajamento e ajuda com a campanha de combate ao c\u00e2ncer bucal\u201d. Cecchetto aproveitou a ocasi\u00e3o para atualizar os presentes sobre os n\u00fameros de casos no Brasil e no estado.<\/p>\n<p>Representando o prefeito\u00a0Fernando Haddad, a primeira-dama de S\u00e3o Paulo,\u00a0Anna Stella Haddad, cumprimentou os conselheiros empossados\u00a0 professores e demais autoridades presentes. Ela salientou o importante trabalho que vem sendo realizado pelo time em prol da Odontologia, em especial o projeto que diz respeito \u00e0 coleta de res\u00edduos s\u00f3lidos e a atua\u00e7\u00e3o dos conselheiros frente \u00e0 secretaria de Educa\u00e7\u00e3o. \u201cDesejo a todos aqui presentes, pleno sucesso\u201d.<\/p>\n<p>Quando de posse da palavra, o presidente do Conselho, Claudio Miyake, fez um extenso agradecimento, a todos os colegas de profiss\u00e3o que tenham apoiado sua sucess\u00e3o e as a\u00e7\u00f5es do Conselho. Ele agradeceu tamb\u00e9m seus familiares, todos os conselheiros, os diretores e delegados regionais, funcion\u00e1rios, representantes municipais e distritais e as diversas autoridades que compareceram \u00e0 cerim\u00f4nia para prestigiar a sua posse. Dentre elas, o prefeito da cidade de Mogi das Cruzes, Marco Aur\u00e9lio Bertaiolli e o superintendente do SEBRAE, Bruno Caetano. As entidades APCD, FNO, FIO, ABIMO, faculdades de Odontologia, a pol\u00edcia civil e militar, o ex\u00e9rcito e o poder judic\u00ed\u00e1rio tamb\u00e9m estiveram representados na cerim\u00f4nia.<\/p>\n<p>\u201c\u00c9 uma honra poder realizar essa cerim\u00f4nia nas depend\u00eancias da ALESP e agrade\u00e7o imensamente ao deputado Fernando Capez por ter nos aberto essa possibilidade e por todo o apoio que tem dado \u00e0 Odontologia.\u00a0Fico grato tamb\u00e9m, por ter aqui a presen\u00e7a de 20 estados representados e as lideran\u00e7as de diversos CROs\u201d, disse Miyake.<\/p>\n<p>Os representantes dos profissionais de sa\u00fade bucal do estado compuseram, no per\u00edodo de elei\u00e7\u00e3o, a Chapa 1. Eles foram eleitos com 27.014 votos em um universo de 41.440 eleitores, 65,19% do total. O per\u00edodo de gest\u00e3o teve in\u00edcio em 20 de abril e ser\u00e1 encerrado em 19 de abril de 2017.<\/p>\n<p>&nbsp;<\/p>\n<p>Fonte: Imprensa CFO<\/p>\n","protected":false},"excerpt":{"rendered":"<p>Com assessoria de imprensa Os conselheiros eleitos para a gest\u00e3o 2015\/2017, membros do plen\u00e1rio e a diretoria do Conselho Regional de Odontologia de S\u00e3o Paulo, foram empossados em solenidade realizada na Assembleia Legislativa do Estado de S\u00e3o Paulo (Alesp).\u00a0O evento foi aberto a todos os profissionais inscritos e a cerim\u00f4nia foi conduzida pelo presidente da<\/p>\n","protected":false},"author":11,"featured_media":0,"comment_status":"open","ping_status":"closed","sticky":false,"template":"","format":"standard","meta":{"footnotes":""},"categories":[],"tags":[],"class_list":["post-6281","post","type-post","status-publish","format-standard"],"aioseo_notices":[],"amp_enabled":true,"_links":{"self":[{"href":"https:\/\/dentalpress.com.br\/portal\/wp-json\/wp\/v2\/posts\/6281","targetHints":{"allow":["GET"]}}],"collection":[{"href":"https:\/\/dentalpress.com.br\/portal\/wp-json\/wp\/v2\/posts"}],"about":[{"href":"https:\/\/dentalpress.com.br\/portal\/wp-json\/wp\/v2\/types\/post"}],"author":[{"embeddable":true,"href":"https:\/\/dentalpress.com.br\/portal\/wp-json\/wp\/v2\/users\/11"}],"replies":[{"embeddable":true,"href":"https:\/\/dentalpress.com.br\/portal\/wp-json\/wp\/v2\/comments?post=6281"}],"version-history":[{"count":0,"href":"https:\/\/dentalpress.com.br\/portal\/wp-json\/wp\/v2\/posts\/6281\/revisions"}],"wp:attachment":[{"href":"https:\/\/dentalpress.com.br\/portal\/wp-json\/wp\/v2\/media?parent=6281"}],"wp:term":[{"taxonomy":"category","embeddable":true,"href":"https:\/\/dentalpress.com.br\/portal\/wp-json\/wp\/v2\/categories?post=6281"},{"taxonomy":"post_tag","embeddable":true,"href":"https:\/\/dentalpress.com.br\/portal\/wp-json\/wp\/v2\/tags?post=6281"}],"curies":[{"name":"wp","href":"https:\/\/api.w.org\/{rel}","templated":true}]}}