{"id":6272,"date":"2015-05-11T13:14:32","date_gmt":"2015-05-11T16:14:32","guid":{"rendered":"https:\/\/www.dentalpress.com.br\/portal\/?p=6272"},"modified":"2015-09-11T09:23:09","modified_gmt":"2015-09-11T12:23:09","slug":"dental-press-unicesumar-iniciam-turma-especializacao","status":"publish","type":"post","link":"https:\/\/dentalpress.com.br\/portal\/dental-press-unicesumar-iniciam-turma-especializacao\/","title":{"rendered":"Dental Press e Unicesumar iniciam nova turma de especializa\u00e7\u00e3o"},"content":{"rendered":"<p>Teve in\u00edcio na manh\u00e3 desta segunda-feira (11) a 6\u00aa Especializa\u00e7\u00e3o em Ortodontia Dental Press\/Unicesumar. Ser\u00e3o 40 m\u00f3dulos, com aulas durante cinco dias por m\u00eas \u2013 a turma \u00e9 formada por dez alunos, a maioria de Maring\u00e1 e regi\u00e3o.<\/p>\n<p>Com coordena\u00e7\u00e3o de Laurindo Furquim, o objetivo do <a href=\"https:\/\/dentalpress.com.br\/portal\/como-inserir-lasers-de-baixa-e-alta-potencia-na-rotina-clinica\/\">curso<\/a> \u00e9 formar especialistas em ortodontia com bases cient\u00edficas e experi\u00eancias clinicas para a resolu\u00e7\u00e3o de casos simples e complexos. Nas modernas instala\u00e7\u00f5es da Dental Press, os alunos ter\u00e3o oportunidade de compreender a teoria e aplicar na pr\u00e1tica os procedimentos ortod\u00f4nticos.<\/p>\n<p>A aula inaugural, sobre Merketing e Mercado de Trabalho, foi ministrada pelo professor doutor Ricardo Nakam\u00e1. Com MBA em Gest\u00e3o Empresarial pela Funda\u00e7\u00e3o Get\u00falio Vargas (FGV), ele \u00e9 consultor do Sebrae no Programa Pr\u00f3-cl\u00ednica, al\u00e9m de manter uma coluna sobre gest\u00e3o e marketing na Revista Cl\u00ednica de Ortodontia Dental Press. Ele tamb\u00e9m \u00e9 mestre e doutor em Ortodontia pela Unesp\/Araraquara e especialista em Radiologia pela USP\/Bauru e em <a href=\"https:\/\/dentalpress.com.br\/portal\/especializacao-em-implantodontia-transforme-sua-carreira-com-precisao-e-seguranca\/\">Implantodontia<\/a> pela Imppar, e mant\u00e9m cl\u00ednica particular em Londrina-PR.<\/p>\n","protected":false},"excerpt":{"rendered":"<p>Teve in\u00edcio na manh\u00e3 desta segunda-feira (11) a 6\u00aa Especializa\u00e7\u00e3o em Ortodontia Dental Press\/Unicesumar. Ser\u00e3o 40 m\u00f3dulos, com aulas durante cinco dias por m\u00eas \u2013 a turma \u00e9 formada por dez alunos, a maioria de Maring\u00e1 e regi\u00e3o. Com coordena\u00e7\u00e3o de Laurindo Furquim, o objetivo do curso \u00e9 formar especialistas em ortodontia com bases cient\u00edficas<\/p>\n","protected":false},"author":11,"featured_media":6274,"comment_status":"open","ping_status":"closed","sticky":false,"template":"","format":"standard","meta":{"footnotes":""},"categories":[],"tags":[],"class_list":["post-6272","post","type-post","status-publish","format-standard","has-post-thumbnail"],"aioseo_notices":[],"amp_enabled":true,"_links":{"self":[{"href":"https:\/\/dentalpress.com.br\/portal\/wp-json\/wp\/v2\/posts\/6272","targetHints":{"allow":["GET"]}}],"collection":[{"href":"https:\/\/dentalpress.com.br\/portal\/wp-json\/wp\/v2\/posts"}],"about":[{"href":"https:\/\/dentalpress.com.br\/portal\/wp-json\/wp\/v2\/types\/post"}],"author":[{"embeddable":true,"href":"https:\/\/dentalpress.com.br\/portal\/wp-json\/wp\/v2\/users\/11"}],"replies":[{"embeddable":true,"href":"https:\/\/dentalpress.com.br\/portal\/wp-json\/wp\/v2\/comments?post=6272"}],"version-history":[{"count":0,"href":"https:\/\/dentalpress.com.br\/portal\/wp-json\/wp\/v2\/posts\/6272\/revisions"}],"wp:featuredmedia":[{"embeddable":true,"href":"https:\/\/dentalpress.com.br\/portal\/wp-json\/wp\/v2\/media\/6274"}],"wp:attachment":[{"href":"https:\/\/dentalpress.com.br\/portal\/wp-json\/wp\/v2\/media?parent=6272"}],"wp:term":[{"taxonomy":"category","embeddable":true,"href":"https:\/\/dentalpress.com.br\/portal\/wp-json\/wp\/v2\/categories?post=6272"},{"taxonomy":"post_tag","embeddable":true,"href":"https:\/\/dentalpress.com.br\/portal\/wp-json\/wp\/v2\/tags?post=6272"}],"curies":[{"name":"wp","href":"https:\/\/api.w.org\/{rel}","templated":true}]}}