{"id":6269,"date":"2015-05-08T13:39:27","date_gmt":"2015-05-08T16:39:27","guid":{"rendered":"https:\/\/www.dentalpress.com.br\/portal\/?p=6269"},"modified":"2015-06-16T11:48:19","modified_gmt":"2015-06-16T14:48:19","slug":"senado-aprova-cirurgiao-dentista-utis","status":"publish","type":"post","link":"https:\/\/dentalpress.com.br\/portal\/senado-aprova-cirurgiao-dentista-utis\/","title":{"rendered":"Senado aprova cirurgi\u00e3o dentista nas UTIs"},"content":{"rendered":"<p>Pacientes internados em hospitais ou em regime de atendimento e de interna\u00e7\u00e3o domiciliar, assim como os portadores de doen\u00e7as cr\u00f4nicas dever\u00e3o receber assist\u00eancia odontol\u00f3gica. \u00c9 o que prev\u00ea projeto de lei aprovado nesta quarta-feira (2) pela Comiss\u00e3o de Assuntos Sociais (CAS). A decis\u00e3o da comiss\u00e3o \u00e9 em car\u00e1ter terminativo.<\/p>\n<p>De acordo com o projeto de lei da C\u00e2mara (PLC)\u00a0<a href=\"http:\/\/www.senado.gov.br\/atividade\/Materia\/detalhes.asp?p_cod_mate=112975\" target=\"_blank\">34\/2013<\/a>, de autoria do ent\u00e3o deputado Neilton Mulim, os hospitais p\u00fablicos e privados s\u00e3o obrigados a manter profissionais de Odontologia para a presta\u00e7\u00e3o de cuidados de sa\u00fade bucal a esses pacientes. No entanto, pela proposta, apenas os hospitais de m\u00e9dio e grande porte s\u00e3o sujeitos \u00e0 obrigatoriedade. A proposta ainda determina que a aplica\u00e7\u00e3o de penalidade pelo descumprimento da lei ser\u00e1 objeto de regulamento.\u201d<\/p>\n<p>Especialmente pacientes internados em unidades de terapia intensiva (UTI), que ficam muito tempo incapacitados para realizar a pr\u00f3pria higiene bucal, segundo ressaltou o relator da mat\u00e9ria, senador S\u00e9rgio Souza (PMDB-PR), precisam de cuidados odontol\u00f3gicos. A falta de higiene adequada, observou ele, propicia o surgimento de infec\u00e7\u00f5es da cavidade oral e do trato respirat\u00f3rio, inclusive pneumonia.<\/p>\n<p>\u2013 Pacientes internados em UTIs l\u00e1 est\u00e3o porque apresentam estado grave ou cr\u00edtico e frequentemente est\u00e3o sedados ou em estado de consci\u00eancia alterado, o que os torna incapazes de cuidar da pr\u00f3pria higiene corporal, inclusive a escova\u00e7\u00e3o dent\u00e1ria. A falta de cuidados de higiene bucal torna-os suscept\u00edveis a infec\u00e7\u00f5es \u2013 ressaltou S\u00e9rgio Souza.<\/p>\n<p>A Constitui\u00e7\u00e3o prev\u00ea integralidade na assist\u00eancia \u00e0 sa\u00fade pelo Sistema \u00danico de Sa\u00fade (SUS), destacou ainda o senador S\u00e9rgio Souza. A Lei Org\u00e2nica da Sa\u00fade, que institui o SUS, (Lei 8.080\/1990), afirma que \u00e9 atribui\u00e7\u00e3o do sistema a execu\u00e7\u00e3o de a\u00e7\u00f5es de assist\u00eancia terap\u00eautica integral. Assim, ressaltou S\u00e9rgio Souza, a assist\u00eancia odontol\u00f3gica deve fazer parte das a\u00e7\u00f5es do SUS.<\/p>\n<p>O SUS, na avalia\u00e7\u00e3o do senador Humberto Costa (PT-PE), j\u00e1 tem a obriga\u00e7\u00e3o de prestar assist\u00eancia odontol\u00f3gica \u00e0 popula\u00e7\u00e3o, desde procedimentos simples aos mais complexos. Para ele, tratar o assunto em forma de lei pode engessar a a\u00e7\u00e3o do sistema de sa\u00fade, uma vez que portaria do Minist\u00e9rio da Sa\u00fade poderia resolver. Ele explicou n\u00e3o ter sugerido mudan\u00e7as no projeto para que a mat\u00e9ria n\u00e3o tenha de retornar \u00e0 C\u00e2mara dos Deputados.<\/p>\n<p>A vota\u00e7\u00e3o da proposta foi acompanhada pelo presidente do Conselho Federal de Odontologia (CFO), Ailton Rodrigues, e por representantes de associa\u00e7\u00f5es de odont\u00f3logos de v\u00e1rios estados. Fizeram quest\u00e3o de manifestar sua concord\u00e2ncia com a aprova\u00e7\u00e3o da mat\u00e9ria os senadores Paulo Davim (PV-RN), Mozarildo Cavalcanti (PTB-RR), Casildo Maldaner (PMDB-SC), Rodrigo Rollemberg (PSB-DF), L\u00facia V\u00e2nia (PSDB-GO), Wellington Dias (PT-PI), L\u00eddice da Mata (PSB-BA), Ana Am\u00e9lia (PP-RS), Osvaldo Sobrinho (PTB-MT), Cyro Miranda (PSDB-GO), Paulo Paim (PT-RS), Vanessa Grazziotin (PCdoB-AM) e Ana Rita (PT-ES).<\/p>\n<p>Fonte:\u00a0<a href=\"http:\/\/www12.senado.gov.br\/noticias\" target=\"_blank\">Senado Federal<\/a><\/p>\n","protected":false},"excerpt":{"rendered":"<p>Pacientes internados em hospitais ou em regime de atendimento e de interna\u00e7\u00e3o domiciliar, assim como os portadores de doen\u00e7as cr\u00f4nicas dever\u00e3o receber assist\u00eancia odontol\u00f3gica. \u00c9 o que prev\u00ea projeto de lei aprovado nesta quarta-feira (2) pela Comiss\u00e3o de Assuntos Sociais (CAS). A decis\u00e3o da comiss\u00e3o \u00e9 em car\u00e1ter terminativo. De acordo com o projeto de<\/p>\n","protected":false},"author":11,"featured_media":6341,"comment_status":"open","ping_status":"closed","sticky":false,"template":"","format":"standard","meta":{"footnotes":""},"categories":[],"tags":[],"class_list":["post-6269","post","type-post","status-publish","format-standard","has-post-thumbnail"],"aioseo_notices":[],"amp_enabled":true,"_links":{"self":[{"href":"https:\/\/dentalpress.com.br\/portal\/wp-json\/wp\/v2\/posts\/6269","targetHints":{"allow":["GET"]}}],"collection":[{"href":"https:\/\/dentalpress.com.br\/portal\/wp-json\/wp\/v2\/posts"}],"about":[{"href":"https:\/\/dentalpress.com.br\/portal\/wp-json\/wp\/v2\/types\/post"}],"author":[{"embeddable":true,"href":"https:\/\/dentalpress.com.br\/portal\/wp-json\/wp\/v2\/users\/11"}],"replies":[{"embeddable":true,"href":"https:\/\/dentalpress.com.br\/portal\/wp-json\/wp\/v2\/comments?post=6269"}],"version-history":[{"count":0,"href":"https:\/\/dentalpress.com.br\/portal\/wp-json\/wp\/v2\/posts\/6269\/revisions"}],"wp:featuredmedia":[{"embeddable":true,"href":"https:\/\/dentalpress.com.br\/portal\/wp-json\/wp\/v2\/media\/6341"}],"wp:attachment":[{"href":"https:\/\/dentalpress.com.br\/portal\/wp-json\/wp\/v2\/media?parent=6269"}],"wp:term":[{"taxonomy":"category","embeddable":true,"href":"https:\/\/dentalpress.com.br\/portal\/wp-json\/wp\/v2\/categories?post=6269"},{"taxonomy":"post_tag","embeddable":true,"href":"https:\/\/dentalpress.com.br\/portal\/wp-json\/wp\/v2\/tags?post=6269"}],"curies":[{"name":"wp","href":"https:\/\/api.w.org\/{rel}","templated":true}]}}