{"id":6199,"date":"2015-05-05T11:48:54","date_gmt":"2015-05-05T14:48:54","guid":{"rendered":"https:\/\/www.dentalpress.com.br\/portal\/?p=6199"},"modified":"2015-09-11T09:23:02","modified_gmt":"2015-09-11T12:23:02","slug":"grade-cientifica-destaque-congresso","status":"publish","type":"post","link":"https:\/\/dentalpress.com.br\/portal\/grade-cientifica-destaque-congresso\/","title":{"rendered":"Grade cient\u00edfica \u00e9 destaque em congresso"},"content":{"rendered":"<p><a href=\"https:\/\/dentalpress.com.br\/portal\/wp-content\/uploads\/2015\/05\/MG_80581-e1430837822625.jpg\"><img fetchpriority=\"high\" decoding=\"async\" class=\"size-medium wp-image-6201  alignright\" style=\"margin-left: 10px; margin-right: 10px;\" alt=\"_MG_8058[1]\" src=\"https:\/\/dentalpress.com.br\/portal\/wp-content\/uploads\/2015\/05\/MG_80581-300x200.jpg\" width=\"300\" height=\"200\" \/><\/a><\/p>\n<p>O 8\u00ba Congresso Internacional Dental Press, que entre os dias 30 de abril e 2 de maio levou mais de 400 pessoas a Maring\u00e1, entre congressistas e palestrantes, foi atestado pelos pr\u00f3prios participantes como um dos melhores eventos cient\u00edficos de <a href=\"https:\/\/dentalpress.com.br\/portal\/excelencia-em-ortodontia-2\/\">ortodontia<\/a> do pa\u00eds, dado ao alto n\u00edvel dos conte\u00fados apresentados pelos palestrantes.<\/p>\n<p>De acordo com o fundador e <i>publisher <\/i>da Dental Press, Laurindo Furquim, cada edi\u00e7\u00e3o do congresso (realizado desde 1999) tem sua particularidade, e o 8\u00ba Congresso foi marcado pela alta qualidade das aulas. \u201cAssisti a todas as palestras na \u00edntegra e fiquei impressionado. Mesmo quem tinha um n\u00edvel de conhecimento muito alto conseguiu aprender coisas novas\u201d, disse Furquim.<\/p>\n<p>Marden Bastos, autor do livro Dicas para otimizar a Ortodontia, publicado pela Dental Press, e um dos palestrantes do congresso, disse que em poucos lugares recebe tanta assist\u00eancia como professor \u2013 ele ministra aulas em diversos eventos em toda a Am\u00e9rica Latina. \u201cTudo \u00e9 pensado, nenhum detalhe passa descoberto. Al\u00e9m disso, a grade cient\u00edfica reuniu gente de peso. E quando tem muita gente boa, \u00e9 preciso escolher o melhor conte\u00fado para apresentar. Acredito que quem veio aproveitou bastante e vai levar daqui a vontade de voltar\u201d, completou o palestrante.<\/p>\n<p>Pela primeira vez em um congresso organizado pela editora, Fabiane Andrea Peruchi, de Piratuba-SC, disse que se surpreendeu em diversos aspectos, da organiza\u00e7\u00e3o aos palestrantes. \u201cOs temas das aulas foram bem variados. Gostei muito das palestras que deram dicas do dia a dia do consult\u00f3rio, mas tamb\u00e9m \u00e9 muito interessante vermos o que n\u00e3o vemos todos os dias, para ficarmos por dentro das novidades. Esta \u00e9 a finalidade do congresso: mostrar o que h\u00e1 de mais novo\u201d, concluiu.<\/p>\n<p>&nbsp;<\/p>\n<p><strong>Trabalho em equipe<\/strong><\/p>\n<p><a href=\"https:\/\/dentalpress.com.br\/portal\/wp-content\/uploads\/2015\/05\/MG_80731.jpg\"><img decoding=\"async\" class=\"size-medium wp-image-6202  alignleft\" style=\"margin-left: 10px; margin-right: 10px;\" alt=\"_MG_8073[1]\" src=\"https:\/\/dentalpress.com.br\/portal\/wp-content\/uploads\/2015\/05\/MG_80731-300x200.jpg\" width=\"300\" height=\"200\" srcset=\"\/wp-content\/uploads\/2015\/05\/MG_80731-300x200.jpg 300w, \/wp-content\/uploads\/2015\/05\/MG_80731-1024x682.jpg 1024w\" sizes=\"(max-width: 300px) 100vw, 300px\" \/><\/a><\/p>\n<p>Cerca de 60 pessoas, entre colaboradores da Dental Press e fornecedores, trabalharam para a realiza\u00e7\u00e3o do congresso. \u201cN\u00f3s conseguimos fazer um congresso que ningu\u00e9m faz porque n\u00f3s temos equipe\u201d, diz Laurindo Furquim.<\/p>\n<p>Os envolvidos na organiza\u00e7\u00e3o trabalharam n\u00e3o apenas durante os tr\u00eas dias de congresso, mas meses antes do evento. \u201cO congresso estava programado para 2014, mas devido \u00e0 Copa do Mundo, decidimos fazer este ano. Ent\u00e3o, estamos preparando este evento desde o ano passado, fechando parcerias e organizando a grade cient\u00edfica\u201d, conta a secret\u00e1ria geral do 8\u00ba Congresso, Poliana Rocha.<\/p>\n<p>Ela salienta, ainda, a import\u00e2ncia do trabalho em equipe. \u201cCada um teve um papel diferente e fundamental. Problemas e dificuldades sempre aparecem, mas no geral o evento superou as expectativas. Ver o congresso acontecendo e perceber a satisfa\u00e7\u00e3o dos participantes \u00e9 muito gratificante\u201d, diz.<\/p>\n","protected":false},"excerpt":{"rendered":"<p>O 8\u00ba Congresso Internacional Dental Press, que entre os dias 30 de abril e 2 de maio levou mais de 400 pessoas a Maring\u00e1, entre congressistas e palestrantes, foi atestado pelos pr\u00f3prios participantes como um dos melhores eventos cient\u00edficos de ortodontia do pa\u00eds, dado ao alto n\u00edvel dos conte\u00fados apresentados pelos palestrantes. De acordo com<\/p>\n","protected":false},"author":11,"featured_media":6201,"comment_status":"open","ping_status":"closed","sticky":false,"template":"","format":"standard","meta":{"footnotes":""},"categories":[],"tags":[],"class_list":["post-6199","post","type-post","status-publish","format-standard","has-post-thumbnail"],"aioseo_notices":[],"amp_enabled":true,"_links":{"self":[{"href":"https:\/\/dentalpress.com.br\/portal\/wp-json\/wp\/v2\/posts\/6199","targetHints":{"allow":["GET"]}}],"collection":[{"href":"https:\/\/dentalpress.com.br\/portal\/wp-json\/wp\/v2\/posts"}],"about":[{"href":"https:\/\/dentalpress.com.br\/portal\/wp-json\/wp\/v2\/types\/post"}],"author":[{"embeddable":true,"href":"https:\/\/dentalpress.com.br\/portal\/wp-json\/wp\/v2\/users\/11"}],"replies":[{"embeddable":true,"href":"https:\/\/dentalpress.com.br\/portal\/wp-json\/wp\/v2\/comments?post=6199"}],"version-history":[{"count":0,"href":"https:\/\/dentalpress.com.br\/portal\/wp-json\/wp\/v2\/posts\/6199\/revisions"}],"wp:featuredmedia":[{"embeddable":true,"href":"https:\/\/dentalpress.com.br\/portal\/wp-json\/wp\/v2\/media\/6201"}],"wp:attachment":[{"href":"https:\/\/dentalpress.com.br\/portal\/wp-json\/wp\/v2\/media?parent=6199"}],"wp:term":[{"taxonomy":"category","embeddable":true,"href":"https:\/\/dentalpress.com.br\/portal\/wp-json\/wp\/v2\/categories?post=6199"},{"taxonomy":"post_tag","embeddable":true,"href":"https:\/\/dentalpress.com.br\/portal\/wp-json\/wp\/v2\/tags?post=6199"}],"curies":[{"name":"wp","href":"https:\/\/api.w.org\/{rel}","templated":true}]}}