{"id":6188,"date":"2015-04-30T18:35:37","date_gmt":"2015-04-30T21:35:37","guid":{"rendered":"https:\/\/www.dentalpress.com.br\/portal\/?p=6188"},"modified":"2015-09-11T09:22:49","modified_gmt":"2015-09-11T12:22:49","slug":"encontro-reune-editores-dental-press","status":"publish","type":"post","link":"https:\/\/dentalpress.com.br\/portal\/encontro-reune-editores-dental-press\/","title":{"rendered":"Encontro re\u00fane editores na Dental Press"},"content":{"rendered":"<p>Foi realizado na manh\u00e3 desta quinta-feira (30) o 3\u00ba Encontro de Editores Dental Press. O evento, paralelo ao 8\u00ba Congresso Internacional Dental Press, ocorreu no audit\u00f3rio Ducastel Furquim, na sede da editora. Idealizado pelo editor-chefe do Dental Press Journal of Orthodontics, David Normando, o encontro reuniu editores de peri\u00f3dicos da casa e representantes de institui\u00e7\u00f5es de ensino e de publica\u00e7\u00f5es cient\u00edficas de Maring\u00e1 para assistir \u00e0 palestra do convidado especial, o presidente da Associa\u00e7\u00e3o Brasileira de Editores Cient\u00edficos (Abec), Sigmar de Mello Rode.<\/p>\n<p>Rode falou sobre \u00e9tica na divulga\u00e7\u00e3o cient\u00edfica, o papel e desafios dos editores e como melhorar a qualidade e a visibilidade internacional da produ\u00e7\u00e3o cient\u00edfica brasileira. \u201cFoi uma manh\u00e3 muito proveitosa, conseguimos discutir assuntos importantes\u201d, disse.<\/p>\n<p>O encontro seguiu com apresenta\u00e7\u00f5es sobre a Revista Cl\u00ednica de <a href=\"https:\/\/dentalpress.com.br\/portal\/excelencia-em-ortodontia-2\/\">Ortodontia<\/a> Dental Press, pelo editor-chefe da publica\u00e7\u00e3o, Carlo Marassi; Revista Dental Press de Est\u00e9tica, com o editor-chefe Marcelo Calamita; de Jorge Faber, editor-chefe do Journal of the World Federation of Orthodontists; e foi encerrado com a fala de David Normando e f\u00f3rum de discuss\u00e3o.<\/p>\n<p>A Coordenadora das revistas cient\u00edficas da UniCesumar, Leila Regina do Nascimento, conta que a institui\u00e7\u00e3o tem uma revista de agroneg\u00f3cios com a classifica\u00e7\u00e3o Qualis B1, mas que a inten\u00e7\u00e3o \u00e9 conseguir tal feito para os outros tr\u00eas peri\u00f3dicos. \u201cToda essa experi\u00eancia do editor, de avalia\u00e7\u00f5es por pares, de aceite ou n\u00e3o aceite em revistas foi bem importante, porque n\u00f3s vivemos isso diariamente\u201d, avalia.<\/p>\n<p>Para a professora do Departamento Ci\u00eancias Morfol\u00f3gicas da UEM, Josiane Medeiros de Mello, o evento foi esclarecedor. \u201cClareou muitas d\u00favidas que temos como professor, orientador, e como quem precisa incentivar os alunos a produzir, publicar e pesquisar. Foi fant\u00e1stico\u201d, elogia.<\/p>\n<p><object width=\"800\" height=\"533\" classid=\"clsid:d27cdb6e-ae6d-11cf-96b8-444553540000\" codebase=\"http:\/\/download.macromedia.com\/pub\/shockwave\/cabs\/flash\/swflash.cab#version=6,0,40,0\"><param name=\"src\" value=\"https:\/\/photos.gstatic.com\/media\/slideshow.swf\" \/><param name=\"flashvars\" value=\"host=picasaweb.google.com&amp;hl=pt_BR&amp;feat=flashalbum&amp;RGB=0x000000&amp;feed=https%3A%2F%2Fpicasaweb.google.com%2Fdata%2Ffeed%2Fapi%2Fuser%2F105563955363363904212%2Falbumid%2F6143612856490782321%3Falt%3Drss%26kind%3Dphoto%26hl%3Dpt_BR\" \/><param name=\"pluginspage\" value=\"http:\/\/www.macromedia.com\/go\/getflashplayer\" \/><embed width=\"800\" height=\"533\" type=\"application\/x-shockwave-flash\" src=\"https:\/\/photos.gstatic.com\/media\/slideshow.swf\" flashvars=\"host=picasaweb.google.com&amp;hl=pt_BR&amp;feat=flashalbum&amp;RGB=0x000000&amp;feed=https%3A%2F%2Fpicasaweb.google.com%2Fdata%2Ffeed%2Fapi%2Fuser%2F105563955363363904212%2Falbumid%2F6143612856490782321%3Falt%3Drss%26kind%3Dphoto%26hl%3Dpt_BR\" pluginspage=\"http:\/\/www.macromedia.com\/go\/getflashplayer\" \/><\/object><\/p>\n","protected":false},"excerpt":{"rendered":"<p>Foi realizado na manh\u00e3 desta quinta-feira (30) o 3\u00ba Encontro de Editores Dental Press. O evento, paralelo ao 8\u00ba Congresso Internacional Dental Press, ocorreu no audit\u00f3rio Ducastel Furquim, na sede da editora. Idealizado pelo editor-chefe do Dental Press Journal of Orthodontics, David Normando, o encontro reuniu editores de peri\u00f3dicos da casa e representantes de institui\u00e7\u00f5es<\/p>\n","protected":false},"author":11,"featured_media":6189,"comment_status":"open","ping_status":"closed","sticky":false,"template":"","format":"standard","meta":{"footnotes":""},"categories":[],"tags":[],"class_list":["post-6188","post","type-post","status-publish","format-standard","has-post-thumbnail"],"aioseo_notices":[],"amp_enabled":true,"_links":{"self":[{"href":"https:\/\/dentalpress.com.br\/portal\/wp-json\/wp\/v2\/posts\/6188","targetHints":{"allow":["GET"]}}],"collection":[{"href":"https:\/\/dentalpress.com.br\/portal\/wp-json\/wp\/v2\/posts"}],"about":[{"href":"https:\/\/dentalpress.com.br\/portal\/wp-json\/wp\/v2\/types\/post"}],"author":[{"embeddable":true,"href":"https:\/\/dentalpress.com.br\/portal\/wp-json\/wp\/v2\/users\/11"}],"replies":[{"embeddable":true,"href":"https:\/\/dentalpress.com.br\/portal\/wp-json\/wp\/v2\/comments?post=6188"}],"version-history":[{"count":0,"href":"https:\/\/dentalpress.com.br\/portal\/wp-json\/wp\/v2\/posts\/6188\/revisions"}],"wp:featuredmedia":[{"embeddable":true,"href":"https:\/\/dentalpress.com.br\/portal\/wp-json\/wp\/v2\/media\/6189"}],"wp:attachment":[{"href":"https:\/\/dentalpress.com.br\/portal\/wp-json\/wp\/v2\/media?parent=6188"}],"wp:term":[{"taxonomy":"category","embeddable":true,"href":"https:\/\/dentalpress.com.br\/portal\/wp-json\/wp\/v2\/categories?post=6188"},{"taxonomy":"post_tag","embeddable":true,"href":"https:\/\/dentalpress.com.br\/portal\/wp-json\/wp\/v2\/tags?post=6188"}],"curies":[{"name":"wp","href":"https:\/\/api.w.org\/{rel}","templated":true}]}}