{"id":6181,"date":"2015-04-30T15:31:37","date_gmt":"2015-04-30T18:31:37","guid":{"rendered":"https:\/\/www.dentalpress.com.br\/portal\/?p=6181"},"modified":"2015-09-11T09:22:42","modified_gmt":"2015-09-11T12:22:42","slug":"8o-congresso-dental-press-inicio-nesta-quinta-feira","status":"publish","type":"post","link":"https:\/\/dentalpress.com.br\/portal\/8o-congresso-dental-press-inicio-nesta-quinta-feira\/","title":{"rendered":"8\u00ba Congresso Dental Press teve in\u00edcio nesta quinta-feira"},"content":{"rendered":"<p>Teve in\u00edcio na tarde desta quinta-feira (30) o 8\u00ba Congresso Internacional Dental Press. At\u00e9 s\u00e1bado (02), cerca de 400 ortodontistas de todo o pa\u00eds estar\u00e3o em Maring\u00e1-PR para conferir palestras dos mais renomados profissionais da <a href=\"https:\/\/dentalpress.com.br\/portal\/excelencia-em-alinhadores-e-ortodontia-digital-2\/\">ortodontia<\/a>, al\u00e9m da feira comercial com as maiores empresas do setor.<\/p>\n<p>A cerim\u00f4nia de abertura contou com a execu\u00e7\u00e3o do Hino Nacional, com imagens de Maring\u00e1, do Brasil e de D\u00fcsseldorf, na Alemanha, cidade do palestrante internacional convidado, Benedict Wilmes. Em seguida, o fundador e <i>publisher<\/i> da Dental Press, Laurindo Furquim, deu as boas vindas aos participantes. \u201cPreparamos este evento com muito carinho. Espero que possam aproveitar ao m\u00e1ximo n\u00e3o s\u00f3 o congresso, mas tamb\u00e9m a cidade de Maring\u00e1\u201d, disse.<\/p>\n<p>Em seguida, Alberto Consolaro subiu ao palco para ministrar a primeira palestra do dia. Mesclando m\u00fasica ao vivo e uma brilhante fala sobre o tema \u201cOrtodontia e ci\u00eancia: o espet\u00e1culo!\u201d, Consolaro surpreendeu os participantes. Ainda hoje, disponibilizaremos no YouTube, com exclusividade, a aula in\u00e9dita do professor Consolaro.<\/p>\n<p>&nbsp;<\/p>\n<p><strong>Expectativas<\/strong><\/p>\n<p>A expectativa dos participantes \u00e9 alta. Claudia Gon\u00e7alves (31), de Laguna-SC, diz estar ansiosa para assistir \u00e0s aulas de alguns professores. \u201cA expectativa maior \u00e9 pelas palestras do Leopondino Capelozza e do Marcos Janson, que s\u00e3o muito bons\u201d, revela. Maria de Luderdes Rosa Sommer (55) de Nova Santa Rosa-PR, espera poder levar novidades para o consult\u00f3rio. \u201cEspero que seja um congresso maravilhoso e que a gente possa revisitar conte\u00fados e aprender coisas novas\u201d, diz.<\/p>\n<p>Participante ass\u00edduo dos congressos Dental Press, Jo\u00e3o Aires de Melo Neto (52), de Reserva-PR, elogia o corpo docente. \u201c\u00c9 um congresso \u00fanico. A Dental Press re\u00fane os melhores professores e n\u00e3o s\u00f3 promove <a href=\"https:\/\/dentalpress.com.br\/portal\/especializacao-em-implantodontia-transforme-sua-carreira-com-precisao-e-seguranca\/\">cursos<\/a> de <a href=\"https:\/\/dentalpress.com.br\/portal\/excelencia-em-ortodontia-2\/\">Excel\u00eancia<\/a> na Ortodontia, mas tamb\u00e9m congressos de excel\u00eancia.\u201d<\/p>\n<p>&nbsp;<\/p>\n<p><object width=\"800\" height=\"533\" classid=\"clsid:d27cdb6e-ae6d-11cf-96b8-444553540000\" codebase=\"http:\/\/download.macromedia.com\/pub\/shockwave\/cabs\/flash\/swflash.cab#version=6,0,40,0\"><param name=\"src\" value=\"https:\/\/photos.gstatic.com\/media\/slideshow.swf\" \/><param name=\"flashvars\" value=\"host=picasaweb.google.com&amp;hl=pt_BR&amp;feat=flashalbum&amp;RGB=0x000000&amp;feed=https%3A%2F%2Fpicasaweb.google.com%2Fdata%2Ffeed%2Fapi%2Fuser%2F105563955363363904212%2Falbumid%2F6143606331681217745%3Falt%3Drss%26kind%3Dphoto%26hl%3Dpt_BR\" \/><param name=\"pluginspage\" value=\"http:\/\/www.macromedia.com\/go\/getflashplayer\" \/><embed width=\"800\" height=\"533\" type=\"application\/x-shockwave-flash\" src=\"https:\/\/photos.gstatic.com\/media\/slideshow.swf\" flashvars=\"host=picasaweb.google.com&amp;hl=pt_BR&amp;feat=flashalbum&amp;RGB=0x000000&amp;feed=https%3A%2F%2Fpicasaweb.google.com%2Fdata%2Ffeed%2Fapi%2Fuser%2F105563955363363904212%2Falbumid%2F6143606331681217745%3Falt%3Drss%26kind%3Dphoto%26hl%3Dpt_BR\" pluginspage=\"http:\/\/www.macromedia.com\/go\/getflashplayer\" \/><\/object><br \/>\n&#8212;<\/p>\n<p>Siga-nos no Instagram (@dental_press) e no Facebook (\/editoradentalpress) e fique por dentro das \u00faltimas not\u00edcias do 8\u00ba Congresso Internacional Dental Press.<\/p>\n","protected":false},"excerpt":{"rendered":"<p>Teve in\u00edcio na tarde desta quinta-feira (30) o 8\u00ba Congresso Internacional Dental Press. At\u00e9 s\u00e1bado (02), cerca de 400 ortodontistas de todo o pa\u00eds estar\u00e3o em Maring\u00e1-PR para conferir palestras dos mais renomados profissionais da ortodontia, al\u00e9m da feira comercial com as maiores empresas do setor. A cerim\u00f4nia de abertura contou com a execu\u00e7\u00e3o do<\/p>\n","protected":false},"author":11,"featured_media":6183,"comment_status":"open","ping_status":"closed","sticky":false,"template":"","format":"standard","meta":{"footnotes":""},"categories":[],"tags":[],"class_list":["post-6181","post","type-post","status-publish","format-standard","has-post-thumbnail"],"aioseo_notices":[],"amp_enabled":true,"_links":{"self":[{"href":"https:\/\/dentalpress.com.br\/portal\/wp-json\/wp\/v2\/posts\/6181","targetHints":{"allow":["GET"]}}],"collection":[{"href":"https:\/\/dentalpress.com.br\/portal\/wp-json\/wp\/v2\/posts"}],"about":[{"href":"https:\/\/dentalpress.com.br\/portal\/wp-json\/wp\/v2\/types\/post"}],"author":[{"embeddable":true,"href":"https:\/\/dentalpress.com.br\/portal\/wp-json\/wp\/v2\/users\/11"}],"replies":[{"embeddable":true,"href":"https:\/\/dentalpress.com.br\/portal\/wp-json\/wp\/v2\/comments?post=6181"}],"version-history":[{"count":0,"href":"https:\/\/dentalpress.com.br\/portal\/wp-json\/wp\/v2\/posts\/6181\/revisions"}],"wp:featuredmedia":[{"embeddable":true,"href":"https:\/\/dentalpress.com.br\/portal\/wp-json\/wp\/v2\/media\/6183"}],"wp:attachment":[{"href":"https:\/\/dentalpress.com.br\/portal\/wp-json\/wp\/v2\/media?parent=6181"}],"wp:term":[{"taxonomy":"category","embeddable":true,"href":"https:\/\/dentalpress.com.br\/portal\/wp-json\/wp\/v2\/categories?post=6181"},{"taxonomy":"post_tag","embeddable":true,"href":"https:\/\/dentalpress.com.br\/portal\/wp-json\/wp\/v2\/tags?post=6181"}],"curies":[{"name":"wp","href":"https:\/\/api.w.org\/{rel}","templated":true}]}}