{"id":6171,"date":"2015-04-24T12:23:33","date_gmt":"2015-04-24T15:23:33","guid":{"rendered":"https:\/\/www.dentalpress.com.br\/portal\/?p=6171"},"modified":"2016-04-28T10:22:01","modified_gmt":"2016-04-28T13:22:01","slug":"alunos-fasurgs-ganham-assinatura-revista-clinica","status":"publish","type":"post","link":"https:\/\/dentalpress.com.br\/portal\/alunos-fasurgs-ganham-assinatura-revista-clinica\/","title":{"rendered":"Alunos da Fasurgs ganham assinatura da Revista Cl\u00ednica"},"content":{"rendered":"<p>Os novos alunos do <a href=\"https:\/\/dentalpress.com.br\/portal\/como-inserir-lasers-de-baixa-e-alta-potencia-na-rotina-clinica\/\">curso<\/a> de p\u00f3s-gradua\u00e7\u00e3o em Ortodontia da Faculdade Especializada na \u00c1rea da Sa\u00fade do Rio Grande do Sul (Fasurgs), de Passo Fundo, foram presenteados pela institui\u00e7\u00e3o com a assinatura anual da Revista Cl\u00ednica de Ortodontia Dental Press. Durante 12 meses, eles receber\u00e3o seis edi\u00e7\u00f5es da revista mais lida por ortodontistas no pa\u00eds.<\/p>\n<p>Para o coordenador do curso, F\u00e1bio Guedes, trata-se de um incentivo \u00e0 leitura. \u201cA ideia foi minha. Como editor-associado da Revista Cl\u00ednica de Ortodontia, entendi que seria uma excelente forma de valorizarmos a literatura nacional. A Dental Press, pra mim, \u00e9 padr\u00e3o ouro de revista. Os alunos adoraram\u201d, conta.<\/p>\n<p>A publica\u00e7\u00e3o nasceu em 2002 e traz, al\u00e9m de artigos cient\u00edficos e casos cl\u00ednicos, outros assuntos de interesse do dia a dia do consult\u00f3rio, como gest\u00e3o e dicas de especialistas. Atualmente, Carlo Marassi, do Rio de Janeiro, \u00e9 o editor-chefe da publica\u00e7\u00e3o.<\/p>\n<p><a href=\"https:\/\/dentalpress.com.br\/portal\/wp-content\/uploads\/2015\/04\/At_sVznmtiYXOz4x-JaXsUFa8aGGAVAdcWDlJ6IIw0IJ.jpg\"><img fetchpriority=\"high\" decoding=\"async\" class=\"size-medium wp-image-6172 aligncenter\" alt=\"At_sVznmtiYXOz4x-JaXsUFa8aGGAVAdcWDlJ6IIw0IJ\" src=\"https:\/\/dentalpress.com.br\/portal\/wp-content\/uploads\/2015\/04\/At_sVznmtiYXOz4x-JaXsUFa8aGGAVAdcWDlJ6IIw0IJ-300x225.jpg\" width=\"300\" height=\"225\" srcset=\"\/wp-content\/uploads\/2015\/04\/At_sVznmtiYXOz4x-JaXsUFa8aGGAVAdcWDlJ6IIw0IJ-300x225.jpg 300w, \/wp-content\/uploads\/2015\/04\/At_sVznmtiYXOz4x-JaXsUFa8aGGAVAdcWDlJ6IIw0IJ.jpg 960w\" sizes=\"(max-width: 300px) 100vw, 300px\" \/><\/a><\/p>\n<p>Saiba mais sobre a revista <a href=\"https:\/\/www.dentalpress.com.br\/revistas\/rcodp\/v14n1\" target=\"_blank\">aqui<\/a>\u00a0e adquira a assinatura no\u00a0<a href=\"http:\/\/dentalcompras.com.br\/produto.php?produto=476-revista-clinica-de-ortodontia-dental-press-assinatura-anual#.VTpe2SFVhBc\" target=\"_blank\">Dental Compras<\/a>.<\/p>\n","protected":false},"excerpt":{"rendered":"<p>Os novos alunos do curso de p\u00f3s-gradua\u00e7\u00e3o em Ortodontia da Faculdade Especializada na \u00c1rea da Sa\u00fade do Rio Grande do Sul (Fasurgs), de Passo Fundo, foram presenteados pela institui\u00e7\u00e3o com a assinatura anual da Revista Cl\u00ednica de Ortodontia Dental Press. Durante 12 meses, eles receber\u00e3o seis edi\u00e7\u00f5es da revista mais lida por ortodontistas no pa\u00eds.<\/p>\n","protected":false},"author":11,"featured_media":6172,"comment_status":"open","ping_status":"closed","sticky":false,"template":"","format":"standard","meta":{"footnotes":""},"categories":[],"tags":[],"class_list":["post-6171","post","type-post","status-publish","format-standard","has-post-thumbnail"],"aioseo_notices":[],"amp_enabled":true,"_links":{"self":[{"href":"https:\/\/dentalpress.com.br\/portal\/wp-json\/wp\/v2\/posts\/6171","targetHints":{"allow":["GET"]}}],"collection":[{"href":"https:\/\/dentalpress.com.br\/portal\/wp-json\/wp\/v2\/posts"}],"about":[{"href":"https:\/\/dentalpress.com.br\/portal\/wp-json\/wp\/v2\/types\/post"}],"author":[{"embeddable":true,"href":"https:\/\/dentalpress.com.br\/portal\/wp-json\/wp\/v2\/users\/11"}],"replies":[{"embeddable":true,"href":"https:\/\/dentalpress.com.br\/portal\/wp-json\/wp\/v2\/comments?post=6171"}],"version-history":[{"count":0,"href":"https:\/\/dentalpress.com.br\/portal\/wp-json\/wp\/v2\/posts\/6171\/revisions"}],"wp:featuredmedia":[{"embeddable":true,"href":"https:\/\/dentalpress.com.br\/portal\/wp-json\/wp\/v2\/media\/6172"}],"wp:attachment":[{"href":"https:\/\/dentalpress.com.br\/portal\/wp-json\/wp\/v2\/media?parent=6171"}],"wp:term":[{"taxonomy":"category","embeddable":true,"href":"https:\/\/dentalpress.com.br\/portal\/wp-json\/wp\/v2\/categories?post=6171"},{"taxonomy":"post_tag","embeddable":true,"href":"https:\/\/dentalpress.com.br\/portal\/wp-json\/wp\/v2\/tags?post=6171"}],"curies":[{"name":"wp","href":"https:\/\/api.w.org\/{rel}","templated":true}]}}