{"id":6165,"date":"2015-04-24T09:11:10","date_gmt":"2015-04-24T12:11:10","guid":{"rendered":"https:\/\/www.dentalpress.com.br\/portal\/?p=6165"},"modified":"2015-09-11T09:22:29","modified_gmt":"2015-09-11T12:22:29","slug":"dental-press-promove-curso-fotografia-digital","status":"publish","type":"post","link":"https:\/\/dentalpress.com.br\/portal\/dental-press-promove-curso-fotografia-digital\/","title":{"rendered":"Dental Press promove curso de fotografia digital"},"content":{"rendered":"<p>Documentar, acompanhar o sucesso do tratamento, divulgar. Estes s\u00e3o alguns dos motivos pelos quais \u00e9 importante fotografar casos cl\u00ednicos. Se manusear brocas e alicates \u00e9 tarefa obrigat\u00f3ria para <a href=\"https:\/\/dentalpress.com.br\/portal\/reforma-tributaria-impacta-dentistas-e-pacientes-com-custos\/\">dentistas<\/a>, saber lidar com lentes e flashes pode significar um bom upgrade na carreira.<\/p>\n<p>Pensando nisso, a Dental Press convidou o professor Ivan Yoshio para ministrar o <a href=\"https:\/\/dentalpress.com.br\/portal\/como-inserir-lasers-de-baixa-e-alta-potencia-na-rotina-clinica\/\">curso<\/a> de imers\u00e3o \u201cA Arte da Fotografia Digital na Odontologia\u201d, inspirado no livro hom\u00f4nimo de sua autoria, publicado pela editora Santos. Especialista em Dent\u00edstica e Fotografia Digital, ele \u00e9 professor da Especializa\u00e7\u00e3o em Dent\u00edstica da FORP-USP (FUNORP); de Fotografia Digital do CETAO, APCDs, ABOs e em mais de 15 <a href=\"https:\/\/dentalpress.com.br\/portal\/especializacao-em-implantodontia-transforme-sua-carreira-com-precisao-e-seguranca\/\">Cursos<\/a> de Especializa\u00e7\u00e3o, Mestrado e Doutorado, al\u00e9m de colunista da Revista Est\u00e9tica APCD e membro do corpo editorial da revista Dicas, da Editora Ponto.<\/p>\n<p>Muitos acreditam que basta uma boa c\u00e2mera para fotografar bocas e dentes, mas segundo Yoshio, o mais importante \u00e9 saber operar o equipamento. \u201cA fotografia deve ser realizada de maneira correta e padronizada. Caso contr\u00e1rio, o pr\u00f3prio tratamento poder\u00e1 ficar comprometido\u201d, diz. Outros motivos de igual import\u00e2ncia \u00e9 poder acompanhar o caso cl\u00ednico e mostrar ao paciente o sucesso do tratamento, al\u00e9m de se comunicar com o laborat\u00f3rio de pr\u00f3tese para obter excel\u00eancia em trabalhos executados. Yoshio destaca, tamb\u00e9m, a import\u00e2ncia legal da fotografia, \u201cpara se proteger de poss\u00edveis processos utilizando as imagens como prova\u201d.<\/p>\n<p>O curso ser\u00e1 realizado na sede da Dental Press, em Maring\u00e1-PR, nos dias 22 e 23 de junho deste ano. Os interessados podem fazer inscri\u00e7\u00e3o pelo e-mail <a href=\"mailto:cursos3@dentalpress.com.br\">cursos3@dentalpress.com.br<\/a> ou pelo telefone (44) 3033-9803. O valor do investimento \u00e9 R$ 940 \u00e0 vista, ou tr\u00eas pagamentos de R$ 330. A programa\u00e7\u00e3o completa est\u00e1 dispon\u00edvel no <a href=\"http:\/\/dentalpress.com.br\/curso\/imersao\/arte_da_fotografia_digital_na_odontologia\/#home\/\" target=\"_blank\">site do curso.<\/a><\/p>\n","protected":false},"excerpt":{"rendered":"<p>Documentar, acompanhar o sucesso do tratamento, divulgar. Estes s\u00e3o alguns dos motivos pelos quais \u00e9 importante fotografar casos cl\u00ednicos. Se manusear brocas e alicates \u00e9 tarefa obrigat\u00f3ria para dentistas, saber lidar com lentes e flashes pode significar um bom upgrade na carreira. Pensando nisso, a Dental Press convidou o professor Ivan Yoshio para ministrar o<\/p>\n","protected":false},"author":11,"featured_media":6340,"comment_status":"open","ping_status":"closed","sticky":false,"template":"","format":"standard","meta":{"footnotes":""},"categories":[],"tags":[],"class_list":["post-6165","post","type-post","status-publish","format-standard","has-post-thumbnail"],"aioseo_notices":[],"amp_enabled":true,"_links":{"self":[{"href":"https:\/\/dentalpress.com.br\/portal\/wp-json\/wp\/v2\/posts\/6165","targetHints":{"allow":["GET"]}}],"collection":[{"href":"https:\/\/dentalpress.com.br\/portal\/wp-json\/wp\/v2\/posts"}],"about":[{"href":"https:\/\/dentalpress.com.br\/portal\/wp-json\/wp\/v2\/types\/post"}],"author":[{"embeddable":true,"href":"https:\/\/dentalpress.com.br\/portal\/wp-json\/wp\/v2\/users\/11"}],"replies":[{"embeddable":true,"href":"https:\/\/dentalpress.com.br\/portal\/wp-json\/wp\/v2\/comments?post=6165"}],"version-history":[{"count":0,"href":"https:\/\/dentalpress.com.br\/portal\/wp-json\/wp\/v2\/posts\/6165\/revisions"}],"wp:featuredmedia":[{"embeddable":true,"href":"https:\/\/dentalpress.com.br\/portal\/wp-json\/wp\/v2\/media\/6340"}],"wp:attachment":[{"href":"https:\/\/dentalpress.com.br\/portal\/wp-json\/wp\/v2\/media?parent=6165"}],"wp:term":[{"taxonomy":"category","embeddable":true,"href":"https:\/\/dentalpress.com.br\/portal\/wp-json\/wp\/v2\/categories?post=6165"},{"taxonomy":"post_tag","embeddable":true,"href":"https:\/\/dentalpress.com.br\/portal\/wp-json\/wp\/v2\/tags?post=6165"}],"curies":[{"name":"wp","href":"https:\/\/api.w.org\/{rel}","templated":true}]}}