{"id":6162,"date":"2015-04-23T12:20:29","date_gmt":"2015-04-23T15:20:29","guid":{"rendered":"https:\/\/www.dentalpress.com.br\/portal\/?p=6162"},"modified":"2015-09-11T09:22:10","modified_gmt":"2015-09-11T12:22:10","slug":"inscricoes-curso-autoligaveis-estao-abertas","status":"publish","type":"post","link":"https:\/\/dentalpress.com.br\/portal\/inscricoes-curso-autoligaveis-estao-abertas\/","title":{"rendered":"Inscri\u00e7\u00f5es para curso de autolig\u00e1veis est\u00e3o abertas"},"content":{"rendered":"<p>Est\u00e3o abertas as inscri\u00e7\u00f5es para o <a href=\"https:\/\/dentalpress.com.br\/portal\/como-inserir-lasers-de-baixa-e-alta-potencia-na-rotina-clinica\/\">curso<\/a> de imers\u00e3o em Mec\u00e2nica com Braquetes Autolig\u00e1veis, que ser\u00e1 realizado na sede da Dental Press, em Maring\u00e1-PR, nos dias 21 e 22 de agosto deste ano. O curso ser\u00e1 ministrado pelo professor Weber Ursi, um dos maiores estudiosos do assunto no pa\u00eds. Ele \u00e9 Doutor em Ortodontia pela USP\/Bauru; Professor em Ortodontia na UNESP \u2013 S\u00e3o Jos\u00e9 dos Campos; e P\u00f3s-Graduado na New York University e na Michigan University.<\/p>\n<p>Para Ursi, os braquetes autolig\u00e1veis s\u00e3o, atualmente, um dos assuntos mais vibrantes da Ortodontia. \u201cO sistema Damon\u00ae \u00e9 um m\u00e9todo revolucion\u00e1rio para corrigir os dentes, de maneira mais f\u00e1cil e r\u00e1pida do que usando os aparelhos tradicionais\u201d, diz.<\/p>\n<p>O programa contempla desde o hist\u00f3rico do sistema at\u00e9 a gest\u00e3o do consult\u00f3rio com a nova modalidade, passando pela montagem de aparelho, posi\u00e7\u00e3o de el\u00e1sticos e de Bite Turbos, atrito, mec\u00e2nica, entre outros assuntos.<\/p>\n<p>As inscri\u00e7\u00f5es podem ser feitas pelo telefone (44) 3033-9803 ou no <a href=\"http:\/\/dentalpress.com.br\/curso\/imersao\/braquetes_auto_ligaveis\/#contato\/\" target=\"_blank\">site do curso<\/a>.<\/p>\n","protected":false},"excerpt":{"rendered":"<p>Est\u00e3o abertas as inscri\u00e7\u00f5es para o curso de imers\u00e3o em Mec\u00e2nica com Braquetes Autolig\u00e1veis, que ser\u00e1 realizado na sede da Dental Press, em Maring\u00e1-PR, nos dias 21 e 22 de agosto deste ano. O curso ser\u00e1 ministrado pelo professor Weber Ursi, um dos maiores estudiosos do assunto no pa\u00eds. Ele \u00e9 Doutor em Ortodontia pela<\/p>\n","protected":false},"author":11,"featured_media":6163,"comment_status":"open","ping_status":"closed","sticky":false,"template":"","format":"standard","meta":{"footnotes":""},"categories":[],"tags":[],"class_list":["post-6162","post","type-post","status-publish","format-standard","has-post-thumbnail"],"aioseo_notices":[],"amp_enabled":true,"_links":{"self":[{"href":"https:\/\/dentalpress.com.br\/portal\/wp-json\/wp\/v2\/posts\/6162","targetHints":{"allow":["GET"]}}],"collection":[{"href":"https:\/\/dentalpress.com.br\/portal\/wp-json\/wp\/v2\/posts"}],"about":[{"href":"https:\/\/dentalpress.com.br\/portal\/wp-json\/wp\/v2\/types\/post"}],"author":[{"embeddable":true,"href":"https:\/\/dentalpress.com.br\/portal\/wp-json\/wp\/v2\/users\/11"}],"replies":[{"embeddable":true,"href":"https:\/\/dentalpress.com.br\/portal\/wp-json\/wp\/v2\/comments?post=6162"}],"version-history":[{"count":0,"href":"https:\/\/dentalpress.com.br\/portal\/wp-json\/wp\/v2\/posts\/6162\/revisions"}],"wp:featuredmedia":[{"embeddable":true,"href":"https:\/\/dentalpress.com.br\/portal\/wp-json\/wp\/v2\/media\/6163"}],"wp:attachment":[{"href":"https:\/\/dentalpress.com.br\/portal\/wp-json\/wp\/v2\/media?parent=6162"}],"wp:term":[{"taxonomy":"category","embeddable":true,"href":"https:\/\/dentalpress.com.br\/portal\/wp-json\/wp\/v2\/categories?post=6162"},{"taxonomy":"post_tag","embeddable":true,"href":"https:\/\/dentalpress.com.br\/portal\/wp-json\/wp\/v2\/tags?post=6162"}],"curies":[{"name":"wp","href":"https:\/\/api.w.org\/{rel}","templated":true}]}}