{"id":6135,"date":"2015-04-13T09:54:33","date_gmt":"2015-04-13T12:54:33","guid":{"rendered":"https:\/\/www.dentalpress.com.br\/portal\/?p=6135"},"modified":"2015-09-11T09:21:47","modified_gmt":"2015-09-11T12:21:47","slug":"excelencia-implantodontia-comeca-nesta-segunda-feira","status":"publish","type":"post","link":"https:\/\/dentalpress.com.br\/portal\/excelencia-implantodontia-comeca-nesta-segunda-feira\/","title":{"rendered":"Excel\u00eancia na Implantodontia come\u00e7a nesta segunda-feira"},"content":{"rendered":"<p>A terceira turma do <a href=\"https:\/\/dentalpress.com.br\/portal\/como-inserir-lasers-de-baixa-e-alta-potencia-na-rotina-clinica\/\">curso<\/a> de Excel\u00eancia na <a href=\"https:\/\/dentalpress.com.br\/portal\/especializacao-em-implantodontia-transforme-sua-carreira-com-precisao-e-seguranca\/\">Implantodontia<\/a> teve in\u00edcio na manh\u00e3 desta segunda-feira (13). Bastante plural, a turma \u00e9 composta por 21 profissionais de dez estados brasileiros &#8211; muitos deles s\u00e3o especialistas n\u00e3o s\u00f3 em implantodontia, mas tamb\u00e9m em outras \u00e1reas como pr\u00f3tese sobre implante, periodontia e est\u00e9tica.<\/p>\n<p>Bruno Furquim, diretor editorial da Dental Press e coordenador do curso, conduziu a cerim\u00f4nia de abertura. Ele apresentou a equipe da editora e o professor Gast\u00e3o Soares de Moura Filho, respons\u00e1vel pela aula inaugural.\u00a0Ele \u00e9 graduado em Odontologia pela Universidade de S\u00e3o Paulo, institui\u00e7\u00e3o onde tamb\u00e9m concluiu Especializa\u00e7\u00e3o, Mestrado e Doutorado em Pr\u00f3tese Dent\u00e1ria. Membro do International Team for Oral Implantology (ITI), h\u00e1 mais de 25 anos se dedica \u00e0 doc\u00eancia, tendo no curr\u00edculo a coordena\u00e7\u00e3o de diversos cursos de gradua\u00e7\u00e3o e p\u00f3s-gradua\u00e7\u00e3o. Trabalha com implantes h\u00e1 mais de 17 anos e tem atua\u00e7\u00e3o em sua cl\u00ednica particular nas \u00e1reas de Est\u00e9tica, Pr\u00f3tese Dent\u00e1ria e Reabilita\u00e7\u00e3o Oral. Em parceria com Mauro Tosta, \u00e9 autor do livro <em><a href=\"http:\/\/www.dentalcompras.com.br\/produto.php?produto=699-implantes-da-cirurgia-a-reabilitacao-oral#.VSuwVfnF_ww\" target=\"_blank\">Implantes: da cirurgia \u00e0 reabilita\u00e7\u00e3o oral<\/a>,<\/em> editado pela Dental Press.<\/p>\n<p>O curso ter\u00e1 dura\u00e7\u00e3o de oito meses. Ser\u00e3o cinco m\u00f3dulos at\u00e9 novembro deste ano, com aulas de segunda a quinta-feira com os maiores nomes da implantodontia nacional, como J\u00falio C\u00e9sar Joly, Mauro Tosta, Jos\u00e9 Geraldo Malaguti e Carlos Eduardo Francichone, entre outros. Veja o programa completo do curso <a href=\"http:\/\/dentalpress.com.br\/curso\/excelencia\/implantodontia\/#abertura\/\" target=\"_blank\">aqui<\/a>.<\/p>\n<p>Veja as fotos da abertura:<\/p>\n<p><object width=\"800\" height=\"533\" classid=\"clsid:d27cdb6e-ae6d-11cf-96b8-444553540000\" codebase=\"http:\/\/download.macromedia.com\/pub\/shockwave\/cabs\/flash\/swflash.cab#version=6,0,40,0\"><param name=\"src\" value=\"https:\/\/photos.gstatic.com\/media\/slideshow.swf\" \/><param name=\"flashvars\" value=\"host=picasaweb.google.com&amp;hl=pt_BR&amp;feat=flashalbum&amp;RGB=0x000000&amp;feed=https%3A%2F%2Fpicasaweb.google.com%2Fdata%2Ffeed%2Fapi%2Fuser%2F105563955363363904212%2Falbumid%2F6137192297310642609%3Falt%3Drss%26kind%3Dphoto%26hl%3Dpt_BR\" \/><param name=\"pluginspage\" value=\"http:\/\/www.macromedia.com\/go\/getflashplayer\" \/><embed width=\"800\" height=\"533\" type=\"application\/x-shockwave-flash\" src=\"https:\/\/photos.gstatic.com\/media\/slideshow.swf\" flashvars=\"host=picasaweb.google.com&amp;hl=pt_BR&amp;feat=flashalbum&amp;RGB=0x000000&amp;feed=https%3A%2F%2Fpicasaweb.google.com%2Fdata%2Ffeed%2Fapi%2Fuser%2F105563955363363904212%2Falbumid%2F6137192297310642609%3Falt%3Drss%26kind%3Dphoto%26hl%3Dpt_BR\" pluginspage=\"http:\/\/www.macromedia.com\/go\/getflashplayer\" \/><\/object>e<\/p>\n","protected":false},"excerpt":{"rendered":"<p>A terceira turma do curso de Excel\u00eancia na Implantodontia teve in\u00edcio na manh\u00e3 desta segunda-feira (13). Bastante plural, a turma \u00e9 composta por 21 profissionais de dez estados brasileiros &#8211; muitos deles s\u00e3o especialistas n\u00e3o s\u00f3 em implantodontia, mas tamb\u00e9m em outras \u00e1reas como pr\u00f3tese sobre implante, periodontia e est\u00e9tica. Bruno Furquim, diretor editorial da<\/p>\n","protected":false},"author":11,"featured_media":6136,"comment_status":"open","ping_status":"closed","sticky":false,"template":"","format":"standard","meta":{"footnotes":""},"categories":[],"tags":[],"class_list":["post-6135","post","type-post","status-publish","format-standard","has-post-thumbnail"],"aioseo_notices":[],"amp_enabled":true,"_links":{"self":[{"href":"https:\/\/dentalpress.com.br\/portal\/wp-json\/wp\/v2\/posts\/6135","targetHints":{"allow":["GET"]}}],"collection":[{"href":"https:\/\/dentalpress.com.br\/portal\/wp-json\/wp\/v2\/posts"}],"about":[{"href":"https:\/\/dentalpress.com.br\/portal\/wp-json\/wp\/v2\/types\/post"}],"author":[{"embeddable":true,"href":"https:\/\/dentalpress.com.br\/portal\/wp-json\/wp\/v2\/users\/11"}],"replies":[{"embeddable":true,"href":"https:\/\/dentalpress.com.br\/portal\/wp-json\/wp\/v2\/comments?post=6135"}],"version-history":[{"count":0,"href":"https:\/\/dentalpress.com.br\/portal\/wp-json\/wp\/v2\/posts\/6135\/revisions"}],"wp:featuredmedia":[{"embeddable":true,"href":"https:\/\/dentalpress.com.br\/portal\/wp-json\/wp\/v2\/media\/6136"}],"wp:attachment":[{"href":"https:\/\/dentalpress.com.br\/portal\/wp-json\/wp\/v2\/media?parent=6135"}],"wp:term":[{"taxonomy":"category","embeddable":true,"href":"https:\/\/dentalpress.com.br\/portal\/wp-json\/wp\/v2\/categories?post=6135"},{"taxonomy":"post_tag","embeddable":true,"href":"https:\/\/dentalpress.com.br\/portal\/wp-json\/wp\/v2\/tags?post=6135"}],"curies":[{"name":"wp","href":"https:\/\/api.w.org\/{rel}","templated":true}]}}