{"id":6131,"date":"2015-04-15T08:41:49","date_gmt":"2015-04-15T11:41:49","guid":{"rendered":"https:\/\/www.dentalpress.com.br\/portal\/?p=6131"},"modified":"2015-04-22T09:12:12","modified_gmt":"2015-04-22T12:12:12","slug":"marcos-janson-ministra-ortodontia-adultos-campo-grande","status":"publish","type":"post","link":"https:\/\/dentalpress.com.br\/portal\/marcos-janson-ministra-ortodontia-adultos-campo-grande\/","title":{"rendered":"Marcos Janson ministra &#8220;Ortodontia em Adultos&#8221; em Campo Grande"},"content":{"rendered":"<p>O professor Marcos Janson apresentar\u00e1 o <a href=\"https:\/\/dentalpress.com.br\/portal\/como-inserir-lasers-de-baixa-e-alta-potencia-na-rotina-clinica\/\">curso<\/a> \u201cOrtodontia em Adultos\u201d em Campo Grande (MS) nos dias 16 e 17 de abril, no audit\u00f3rio ABO-MS.<\/p>\n<p>A tem\u00e1tica \u00e9 relacionada com seu <a href=\"http:\/\/dentalcompras.com.br\/produto.php?produto=661-ortodontia-em-adultos-e-tratamento-interdisciplinar-3-edicao#.VSf2I_nF_ww\" target=\"_blank\">livro hom\u00f4nimo<\/a>, publicado no ano passado pela Dental Press, e que j\u00e1 est\u00e1 na terceira edi\u00e7\u00e3o. A edi\u00e7\u00e3o atual cont\u00e9m um cap\u00edtulo a mais que n\u00e3o consta nas outras duas edi\u00e7\u00f5es.<\/p>\n<p>Janson \u00e9 revisor cient\u00edfico da American Journal of Orthodontics and Dental Facial Orthopedics, especialista e mestre em ortodontia pela FOB USP Bauru. Al\u00e9m do &#8220;Ortodontia em Adultos&#8221;, Janson \u00e9 autor de<a href=\"http:\/\/dentalcompras.com.br\/produto.php?produto=485-ortodontia-objetiva#.VSf25vnF_ww\" target=\"_blank\"> &#8220;Ortodontia Objetiva&#8221;<\/a>, tamb\u00e9m publicado pela Dental Press. \u00a0Os dois livros estar\u00e3o \u00e0 venda no curso.<\/p>\n<p>O curso \u00e9 gratuito para os associados da Abor- MS. Para n\u00e3o associados o curso custa R$450. No total ser\u00e3o 12 horas de curso.<\/p>\n<p>&nbsp;<\/p>\n","protected":false},"excerpt":{"rendered":"<p>O professor Marcos Janson apresentar\u00e1 o curso \u201cOrtodontia em Adultos\u201d em Campo Grande (MS) nos dias 16 e 17 de abril, no audit\u00f3rio ABO-MS. A tem\u00e1tica \u00e9 relacionada com seu livro hom\u00f4nimo, publicado no ano passado pela Dental Press, e que j\u00e1 est\u00e1 na terceira edi\u00e7\u00e3o. A edi\u00e7\u00e3o atual cont\u00e9m um cap\u00edtulo a mais que<\/p>\n","protected":false},"author":20,"featured_media":6142,"comment_status":"open","ping_status":"closed","sticky":false,"template":"","format":"standard","meta":{"footnotes":""},"categories":[],"tags":[],"class_list":["post-6131","post","type-post","status-publish","format-standard","has-post-thumbnail"],"aioseo_notices":[],"amp_enabled":true,"_links":{"self":[{"href":"https:\/\/dentalpress.com.br\/portal\/wp-json\/wp\/v2\/posts\/6131","targetHints":{"allow":["GET"]}}],"collection":[{"href":"https:\/\/dentalpress.com.br\/portal\/wp-json\/wp\/v2\/posts"}],"about":[{"href":"https:\/\/dentalpress.com.br\/portal\/wp-json\/wp\/v2\/types\/post"}],"author":[{"embeddable":true,"href":"https:\/\/dentalpress.com.br\/portal\/wp-json\/wp\/v2\/users\/20"}],"replies":[{"embeddable":true,"href":"https:\/\/dentalpress.com.br\/portal\/wp-json\/wp\/v2\/comments?post=6131"}],"version-history":[{"count":0,"href":"https:\/\/dentalpress.com.br\/portal\/wp-json\/wp\/v2\/posts\/6131\/revisions"}],"wp:featuredmedia":[{"embeddable":true,"href":"https:\/\/dentalpress.com.br\/portal\/wp-json\/wp\/v2\/media\/6142"}],"wp:attachment":[{"href":"https:\/\/dentalpress.com.br\/portal\/wp-json\/wp\/v2\/media?parent=6131"}],"wp:term":[{"taxonomy":"category","embeddable":true,"href":"https:\/\/dentalpress.com.br\/portal\/wp-json\/wp\/v2\/categories?post=6131"},{"taxonomy":"post_tag","embeddable":true,"href":"https:\/\/dentalpress.com.br\/portal\/wp-json\/wp\/v2\/tags?post=6131"}],"curies":[{"name":"wp","href":"https:\/\/api.w.org\/{rel}","templated":true}]}}