{"id":5353,"date":"2014-09-19T09:43:08","date_gmt":"2014-09-19T12:43:08","guid":{"rendered":"https:\/\/www.dentalpress.com.br\/portal\/?p=5353"},"modified":"2014-10-01T13:49:35","modified_gmt":"2014-10-01T16:49:35","slug":"jorge-faber-encerra-4-modulo-excelencia","status":"publish","type":"post","link":"https:\/\/dentalpress.com.br\/portal\/jorge-faber-encerra-4-modulo-excelencia\/","title":{"rendered":"O Dr. Jorge Faber encerra o 4\u00ba m\u00f3dulo do Excel\u00eancia"},"content":{"rendered":"<p>A manh\u00e3 e a tarde dessa sexta-feira (19\/09) contam com a presen\u00e7a do Dr. Jorge Faber, que encerra o 4\u00ba m\u00f3dulo do <a href=\"https:\/\/dentalpress.com.br\/portal\/excelencia-em-ortodontia-2\/\">Excel\u00eancia<\/a> na <a href=\"https:\/\/dentalpress.com.br\/portal\/excelencia-em-alinhadores-e-ortodontia-digital-2\/\">Ortodontia<\/a>, falando sobre os temas &#8220;Mini-placas&#8221; e &#8220;Distra\u00e7\u00e3o Osteog\u00eanica &#8220;.<\/p>\n<p>O Dr. Jorge Faber \u00e9 graduado em Odontologia pela Universidade de Bras\u00edlia, Mestre em Ortodontia pela universidade Federal do Rio de Janeiro, Doutor em Biologia Animal pela Universidade de Bras\u00edlia e foi editor-chefe do Dental Press Journal of Orthodontics.<\/p>\n<p><strong>veja as fotos:<\/strong><\/p>\n<p><object width=\"800\" height=\"533\" classid=\"clsid:d27cdb6e-ae6d-11cf-96b8-444553540000\" codebase=\"http:\/\/download.macromedia.com\/pub\/shockwave\/cabs\/flash\/swflash.cab#version=6,0,40,0\"><param name=\"src\" value=\"https:\/\/photos.gstatic.com\/media\/slideshow.swf\" \/><param name=\"flashvars\" value=\"host=picasaweb.google.com&amp;hl=pt_BR&amp;feat=flashalbum&amp;RGB=0x000000&amp;feed=https%3A%2F%2Fpicasaweb.google.com%2Fdata%2Ffeed%2Fapi%2Fuser%2F105563955363363904212%2Falbumid%2F6060756829041075265%3Falt%3Drss%26kind%3Dphoto%26hl%3Dpt_BR\" \/><param name=\"pluginspage\" value=\"http:\/\/www.macromedia.com\/go\/getflashplayer\" \/><embed width=\"800\" height=\"533\" type=\"application\/x-shockwave-flash\" src=\"https:\/\/photos.gstatic.com\/media\/slideshow.swf\" flashvars=\"host=picasaweb.google.com&amp;hl=pt_BR&amp;feat=flashalbum&amp;RGB=0x000000&amp;feed=https%3A%2F%2Fpicasaweb.google.com%2Fdata%2Ffeed%2Fapi%2Fuser%2F105563955363363904212%2Falbumid%2F6060756829041075265%3Falt%3Drss%26kind%3Dphoto%26hl%3Dpt_BR\" pluginspage=\"http:\/\/www.macromedia.com\/go\/getflashplayer\" \/><\/object><\/p>\n<p><strong>Fotografia:<\/strong> Ivo Azevedo<\/p>\n","protected":false},"excerpt":{"rendered":"<p>A manh\u00e3 e a tarde dessa sexta-feira (19\/09) contam com a presen\u00e7a do Dr. Jorge Faber, que encerra o 4\u00ba m\u00f3dulo do Excel\u00eancia na Ortodontia.<\/p>\n","protected":false},"author":20,"featured_media":5357,"comment_status":"open","ping_status":"closed","sticky":false,"template":"","format":"standard","meta":{"footnotes":""},"categories":[],"tags":[],"class_list":["post-5353","post","type-post","status-publish","format-standard","has-post-thumbnail"],"aioseo_notices":[],"amp_enabled":true,"_links":{"self":[{"href":"https:\/\/dentalpress.com.br\/portal\/wp-json\/wp\/v2\/posts\/5353","targetHints":{"allow":["GET"]}}],"collection":[{"href":"https:\/\/dentalpress.com.br\/portal\/wp-json\/wp\/v2\/posts"}],"about":[{"href":"https:\/\/dentalpress.com.br\/portal\/wp-json\/wp\/v2\/types\/post"}],"author":[{"embeddable":true,"href":"https:\/\/dentalpress.com.br\/portal\/wp-json\/wp\/v2\/users\/20"}],"replies":[{"embeddable":true,"href":"https:\/\/dentalpress.com.br\/portal\/wp-json\/wp\/v2\/comments?post=5353"}],"version-history":[{"count":0,"href":"https:\/\/dentalpress.com.br\/portal\/wp-json\/wp\/v2\/posts\/5353\/revisions"}],"wp:featuredmedia":[{"embeddable":true,"href":"https:\/\/dentalpress.com.br\/portal\/wp-json\/wp\/v2\/media\/5357"}],"wp:attachment":[{"href":"https:\/\/dentalpress.com.br\/portal\/wp-json\/wp\/v2\/media?parent=5353"}],"wp:term":[{"taxonomy":"category","embeddable":true,"href":"https:\/\/dentalpress.com.br\/portal\/wp-json\/wp\/v2\/categories?post=5353"},{"taxonomy":"post_tag","embeddable":true,"href":"https:\/\/dentalpress.com.br\/portal\/wp-json\/wp\/v2\/tags?post=5353"}],"curies":[{"name":"wp","href":"https:\/\/api.w.org\/{rel}","templated":true}]}}