{"id":5349,"date":"2014-09-18T17:34:26","date_gmt":"2014-09-18T20:34:26","guid":{"rendered":"https:\/\/www.dentalpress.com.br\/portal\/?p=5349"},"modified":"2014-09-22T16:50:50","modified_gmt":"2014-09-22T19:50:50","slug":"dr-julio-gurgel-excelencia","status":"publish","type":"post","link":"https:\/\/dentalpress.com.br\/portal\/dr-julio-gurgel-excelencia\/","title":{"rendered":"Dr. Julio Gurgel no Excel\u00eancia"},"content":{"rendered":"<p>Compondo parte das atividades da 16\u00aa Turma do <a href=\"https:\/\/dentalpress.com.br\/portal\/excelencia-em-ortodontia-2\/\">Excel\u00eancia<\/a> na <a href=\"https:\/\/dentalpress.com.br\/portal\/excelencia-em-alinhadores-e-ortodontia-digital-2\/\">Ortodontia<\/a>, Dr. Julio Gurgel apresenta o tema \u201cFios Ortod\u00f4nticos\u201d.<\/p>\n<p>Prof. Julio de Araujo Gurgel<\/p>\n<p>Possui gradua\u00e7\u00e3o em Odontologia pela Universidade Estadual Paulista J\u00falio de Mesquita Filho (1985), mestrado em Ortodontia e Odontologia em Sa\u00fade Coletiva pela Universidade de S\u00e3o Paulo (1995) e doutorado em Ortodontia e Odontologia em Sa\u00fade Coletiva pela Universidade de S\u00e3o Paulo (1999). Membro da Associa\u00e7\u00e3o Americana de Ortodontia, Federa\u00e7\u00e3o Mundial de Ortodontia e da Sociedade Paulista de Ortodontia. Professor titular da Universidade UNICEUMA e professor assistente doutor da Universidade Estadual Paulista J\u00falio de Mesquita Filho. Tem experi\u00eancia na \u00e1rea de Odontologia, com \u00eanfase em Ortodontia, atuando principalmente nos seguintes temas: fio ortod\u00f4ntico,aparelho ortod\u00f4ntico est\u00e9tico, mini-implante ortod\u00f4ntico, expans\u00e3o maxilar em adulto e intera\u00e7\u00e3o Ortodontia-Fonoaudiologia (motricidade oral).<\/p>\n<p>Veja as fotos:<\/p>\n<p><object width=\"800\" height=\"533\" classid=\"clsid:d27cdb6e-ae6d-11cf-96b8-444553540000\" codebase=\"http:\/\/download.macromedia.com\/pub\/shockwave\/cabs\/flash\/swflash.cab#version=6,0,40,0\"><param name=\"src\" value=\"https:\/\/photos.gstatic.com\/media\/slideshow.swf\" \/><param name=\"flashvars\" value=\"host=picasaweb.google.com&amp;hl=pt_BR&amp;feat=flashalbum&amp;RGB=0x000000&amp;feed=https%3A%2F%2Fpicasaweb.google.com%2Fdata%2Ffeed%2Fapi%2Fuser%2F105563955363363904212%2Falbumid%2F6060507884553125441%3Falt%3Drss%26kind%3Dphoto%26hl%3Dpt_BR\" \/><param name=\"pluginspage\" value=\"http:\/\/www.macromedia.com\/go\/getflashplayer\" \/><embed width=\"800\" height=\"533\" type=\"application\/x-shockwave-flash\" src=\"https:\/\/photos.gstatic.com\/media\/slideshow.swf\" flashvars=\"host=picasaweb.google.com&amp;hl=pt_BR&amp;feat=flashalbum&amp;RGB=0x000000&amp;feed=https%3A%2F%2Fpicasaweb.google.com%2Fdata%2Ffeed%2Fapi%2Fuser%2F105563955363363904212%2Falbumid%2F6060507884553125441%3Falt%3Drss%26kind%3Dphoto%26hl%3Dpt_BR\" pluginspage=\"http:\/\/www.macromedia.com\/go\/getflashplayer\" \/><\/object><\/p>\n","protected":false},"excerpt":{"rendered":"<p>Compondo parte das atividades da 16\u00aa Turma do Excel\u00eancia na Ortodontia, Dr. Julio Gurgel apresenta o tema \u201cFios Ortod\u00f4nticos\u201d.<\/p>\n","protected":false},"author":20,"featured_media":5350,"comment_status":"open","ping_status":"closed","sticky":false,"template":"","format":"standard","meta":{"footnotes":""},"categories":[],"tags":[],"class_list":["post-5349","post","type-post","status-publish","format-standard","has-post-thumbnail"],"aioseo_notices":[],"amp_enabled":true,"_links":{"self":[{"href":"https:\/\/dentalpress.com.br\/portal\/wp-json\/wp\/v2\/posts\/5349","targetHints":{"allow":["GET"]}}],"collection":[{"href":"https:\/\/dentalpress.com.br\/portal\/wp-json\/wp\/v2\/posts"}],"about":[{"href":"https:\/\/dentalpress.com.br\/portal\/wp-json\/wp\/v2\/types\/post"}],"author":[{"embeddable":true,"href":"https:\/\/dentalpress.com.br\/portal\/wp-json\/wp\/v2\/users\/20"}],"replies":[{"embeddable":true,"href":"https:\/\/dentalpress.com.br\/portal\/wp-json\/wp\/v2\/comments?post=5349"}],"version-history":[{"count":0,"href":"https:\/\/dentalpress.com.br\/portal\/wp-json\/wp\/v2\/posts\/5349\/revisions"}],"wp:featuredmedia":[{"embeddable":true,"href":"https:\/\/dentalpress.com.br\/portal\/wp-json\/wp\/v2\/media\/5350"}],"wp:attachment":[{"href":"https:\/\/dentalpress.com.br\/portal\/wp-json\/wp\/v2\/media?parent=5349"}],"wp:term":[{"taxonomy":"category","embeddable":true,"href":"https:\/\/dentalpress.com.br\/portal\/wp-json\/wp\/v2\/categories?post=5349"},{"taxonomy":"post_tag","embeddable":true,"href":"https:\/\/dentalpress.com.br\/portal\/wp-json\/wp\/v2\/tags?post=5349"}],"curies":[{"name":"wp","href":"https:\/\/api.w.org\/{rel}","templated":true}]}}