{"id":5341,"date":"2014-09-18T08:50:34","date_gmt":"2014-09-18T11:50:34","guid":{"rendered":"https:\/\/www.dentalpress.com.br\/portal\/?p=5341"},"modified":"2014-09-19T09:44:49","modified_gmt":"2014-09-19T12:44:49","slug":"dr-paulo-conti-excelencia","status":"publish","type":"post","link":"https:\/\/dentalpress.com.br\/portal\/dr-paulo-conti-excelencia\/","title":{"rendered":"Dr. Paulo Conti no Excel\u00eancia"},"content":{"rendered":"<p>O Prof. Dr. Paulo Conti ministrou aula sobre o tema &#8220;Desordens Temporomandibulares&#8221;. Os alunos do Excel\u00eancia na Ortodontia aproveitaram o momento para esclarecer d\u00favidas sobre o assunto e aprofundar o conhecimento com esse renomado profissional.<\/p>\n<p>Professor Titular do Departamento de Pr\u00f3tese da Faculdade de Odontologia de Bauru, da Universidade de S\u00e3o Paulo, o Dr. Paulo Conti tamb\u00e9m \u00e9 P\u00f3s-doutor em Disfun\u00e7\u00e3o Temporomandibular e Dor Orofacial pela University of Medicine and Dentistry of New Jersey, nos EUA, Coordenador da \u00c1rea de Reabilita\u00e7\u00e3o Oral do programa de P\u00f3s-gradua\u00e7\u00e3o e Coordenador do <a href=\"https:\/\/dentalpress.com.br\/portal\/como-inserir-lasers-de-baixa-e-alta-potencia-na-rotina-clinica\/\">curso<\/a> de Especializa\u00e7\u00e3o em Pr\u00f3tese Dent\u00e1ria da FOB-USP, e Diplomado pelo American Board of Orofacial Pain.<\/p>\n<p><strong>\u00a0Veja as fotos:<\/strong><\/p>\n<p><object width=\"800\" height=\"533\" classid=\"clsid:d27cdb6e-ae6d-11cf-96b8-444553540000\" codebase=\"http:\/\/download.macromedia.com\/pub\/shockwave\/cabs\/flash\/swflash.cab#version=6,0,40,0\"><param name=\"src\" value=\"https:\/\/photos.gstatic.com\/media\/slideshow.swf\" \/><param name=\"flashvars\" value=\"host=picasaweb.google.com&amp;hl=pt_BR&amp;feat=flashalbum&amp;RGB=0x000000&amp;feed=https%3A%2F%2Fpicasaweb.google.com%2Fdata%2Ffeed%2Fapi%2Fuser%2F105563955363363904212%2Falbumid%2F6060366743142604625%3Falt%3Drss%26kind%3Dphoto%26hl%3Dpt_BR\" \/><param name=\"pluginspage\" value=\"http:\/\/www.macromedia.com\/go\/getflashplayer\" \/><embed width=\"800\" height=\"533\" type=\"application\/x-shockwave-flash\" src=\"https:\/\/photos.gstatic.com\/media\/slideshow.swf\" flashvars=\"host=picasaweb.google.com&amp;hl=pt_BR&amp;feat=flashalbum&amp;RGB=0x000000&amp;feed=https%3A%2F%2Fpicasaweb.google.com%2Fdata%2Ffeed%2Fapi%2Fuser%2F105563955363363904212%2Falbumid%2F6060366743142604625%3Falt%3Drss%26kind%3Dphoto%26hl%3Dpt_BR\" pluginspage=\"http:\/\/www.macromedia.com\/go\/getflashplayer\" \/><\/object><\/p>\n","protected":false},"excerpt":{"rendered":"<p>O Prof. Dr. Paulo Conti ministrou aula sobre o tema &#8220;Desordens Temporomandibulares&#8221;.<\/p>\n","protected":false},"author":20,"featured_media":5342,"comment_status":"open","ping_status":"closed","sticky":false,"template":"","format":"standard","meta":{"footnotes":""},"categories":[],"tags":[],"class_list":["post-5341","post","type-post","status-publish","format-standard","has-post-thumbnail"],"aioseo_notices":[],"amp_enabled":true,"_links":{"self":[{"href":"https:\/\/dentalpress.com.br\/portal\/wp-json\/wp\/v2\/posts\/5341","targetHints":{"allow":["GET"]}}],"collection":[{"href":"https:\/\/dentalpress.com.br\/portal\/wp-json\/wp\/v2\/posts"}],"about":[{"href":"https:\/\/dentalpress.com.br\/portal\/wp-json\/wp\/v2\/types\/post"}],"author":[{"embeddable":true,"href":"https:\/\/dentalpress.com.br\/portal\/wp-json\/wp\/v2\/users\/20"}],"replies":[{"embeddable":true,"href":"https:\/\/dentalpress.com.br\/portal\/wp-json\/wp\/v2\/comments?post=5341"}],"version-history":[{"count":0,"href":"https:\/\/dentalpress.com.br\/portal\/wp-json\/wp\/v2\/posts\/5341\/revisions"}],"wp:featuredmedia":[{"embeddable":true,"href":"https:\/\/dentalpress.com.br\/portal\/wp-json\/wp\/v2\/media\/5342"}],"wp:attachment":[{"href":"https:\/\/dentalpress.com.br\/portal\/wp-json\/wp\/v2\/media?parent=5341"}],"wp:term":[{"taxonomy":"category","embeddable":true,"href":"https:\/\/dentalpress.com.br\/portal\/wp-json\/wp\/v2\/categories?post=5341"},{"taxonomy":"post_tag","embeddable":true,"href":"https:\/\/dentalpress.com.br\/portal\/wp-json\/wp\/v2\/tags?post=5341"}],"curies":[{"name":"wp","href":"https:\/\/api.w.org\/{rel}","templated":true}]}}