{"id":5327,"date":"2014-09-16T15:56:02","date_gmt":"2014-09-16T18:56:02","guid":{"rendered":"https:\/\/www.dentalpress.com.br\/portal\/?p=5327"},"modified":"2014-10-02T14:02:18","modified_gmt":"2014-10-02T17:02:18","slug":"dr-marcos-janson-homenageado-dental-press","status":"publish","type":"post","link":"https:\/\/dentalpress.com.br\/portal\/dr-marcos-janson-homenageado-dental-press\/","title":{"rendered":"Dr. Marcos Janson \u00e9 homenageado pela Dental Press"},"content":{"rendered":"<p>Na manh\u00e3 desta ter\u00e7a feira (16\/09), o professor doutor Marcos Janson foi recepcionado pela equipe da Dental Press com uma homenagem para apresenta\u00e7\u00e3o da 3\u00aa edi\u00e7\u00e3o de seu livro &#8220;Ortodontia em Adultos&#8221;. O professor ainda n\u00e3o tinha visto a vers\u00e3o final impressa do livro, e ficou surpreso, e ao mesmo tempo satisfeito, com o resultado. Essa nova edi\u00e7\u00e3o, revista e ampliada, conta com a inclus\u00e3o de um novo cap\u00edtulo, &#8220;Oclus\u00e3o&#8221; \u2014 que tratar\u00e1 sobre a oclus\u00e3o em pacientes adultos \u2014, bem como foram adicionados novos casos cl\u00ednicos, com fotos e ilustra\u00e7\u00f5es.<\/p>\n<p><strong>Veja as fotos:<\/strong><\/p>\n<p><object width=\"800\" height=\"533\" classid=\"clsid:d27cdb6e-ae6d-11cf-96b8-444553540000\" codebase=\"http:\/\/download.macromedia.com\/pub\/shockwave\/cabs\/flash\/swflash.cab#version=6,0,40,0\"><param name=\"src\" value=\"https:\/\/photos.gstatic.com\/media\/slideshow.swf\" \/><param name=\"flashvars\" value=\"host=picasaweb.google.com&amp;hl=pt_BR&amp;feat=flashalbum&amp;RGB=0x000000&amp;feed=https%3A%2F%2Fpicasaweb.google.com%2Fdata%2Ffeed%2Fapi%2Fuser%2F105563955363363904212%2Falbumid%2F6059667581492430417%3Falt%3Drss%26kind%3Dphoto%26hl%3Dpt_BR\" \/><param name=\"pluginspage\" value=\"http:\/\/www.macromedia.com\/go\/getflashplayer\" \/><embed width=\"800\" height=\"533\" type=\"application\/x-shockwave-flash\" src=\"https:\/\/photos.gstatic.com\/media\/slideshow.swf\" flashvars=\"host=picasaweb.google.com&amp;hl=pt_BR&amp;feat=flashalbum&amp;RGB=0x000000&amp;feed=https%3A%2F%2Fpicasaweb.google.com%2Fdata%2Ffeed%2Fapi%2Fuser%2F105563955363363904212%2Falbumid%2F6059667581492430417%3Falt%3Drss%26kind%3Dphoto%26hl%3Dpt_BR\" pluginspage=\"http:\/\/www.macromedia.com\/go\/getflashplayer\" \/><\/object><\/p>\n","protected":false},"excerpt":{"rendered":"<p>Na manh\u00e3 desta ter\u00e7a feira (16\/09), o professor doutor Marcos Janson foi recepcionado pela equipe da Dental Press com uma homenagem para apresenta\u00e7\u00e3o da 3\u00aa edi\u00e7\u00e3o de seu livro &#8220;Ortodontia em Adultos&#8221;. <\/p>\n","protected":false},"author":20,"featured_media":5328,"comment_status":"open","ping_status":"closed","sticky":false,"template":"","format":"standard","meta":{"footnotes":""},"categories":[],"tags":[],"class_list":["post-5327","post","type-post","status-publish","format-standard","has-post-thumbnail"],"aioseo_notices":[],"amp_enabled":true,"_links":{"self":[{"href":"https:\/\/dentalpress.com.br\/portal\/wp-json\/wp\/v2\/posts\/5327","targetHints":{"allow":["GET"]}}],"collection":[{"href":"https:\/\/dentalpress.com.br\/portal\/wp-json\/wp\/v2\/posts"}],"about":[{"href":"https:\/\/dentalpress.com.br\/portal\/wp-json\/wp\/v2\/types\/post"}],"author":[{"embeddable":true,"href":"https:\/\/dentalpress.com.br\/portal\/wp-json\/wp\/v2\/users\/20"}],"replies":[{"embeddable":true,"href":"https:\/\/dentalpress.com.br\/portal\/wp-json\/wp\/v2\/comments?post=5327"}],"version-history":[{"count":0,"href":"https:\/\/dentalpress.com.br\/portal\/wp-json\/wp\/v2\/posts\/5327\/revisions"}],"wp:featuredmedia":[{"embeddable":true,"href":"https:\/\/dentalpress.com.br\/portal\/wp-json\/wp\/v2\/media\/5328"}],"wp:attachment":[{"href":"https:\/\/dentalpress.com.br\/portal\/wp-json\/wp\/v2\/media?parent=5327"}],"wp:term":[{"taxonomy":"category","embeddable":true,"href":"https:\/\/dentalpress.com.br\/portal\/wp-json\/wp\/v2\/categories?post=5327"},{"taxonomy":"post_tag","embeddable":true,"href":"https:\/\/dentalpress.com.br\/portal\/wp-json\/wp\/v2\/tags?post=5327"}],"curies":[{"name":"wp","href":"https:\/\/api.w.org\/{rel}","templated":true}]}}