{"id":5305,"date":"2014-09-15T15:36:48","date_gmt":"2014-09-15T18:36:48","guid":{"rendered":"https:\/\/www.dentalpress.com.br\/portal\/?p=5305"},"modified":"2014-09-22T10:10:11","modified_gmt":"2014-09-22T13:10:11","slug":"dental-press-ortodontia","status":"publish","type":"post","link":"https:\/\/dentalpress.com.br\/portal\/dental-press-ortodontia\/","title":{"rendered":"Educa\u00e7\u00e3o no DNA"},"content":{"rendered":"<p>A Dental Press promove nesta semana de 15 a 19 de setembro o M\u00f3dulo do Programa <a href=\"https:\/\/www.dentalpress.com.br\/curso\/excelencia\/ortodontia\/#home\/\" target=\"_blank\">Excel\u00eancia na Ortodontia<\/a>, primeiro programa brasileiro de educa\u00e7\u00e3o continuada para especialistas em ortodontia do Brasil.<\/p>\n<p>Fundado em 1999, o Excel\u00eancia na Ortodontia j\u00e1 qualificou mais de 400 profissionais de todo o pa\u00eds e da Am\u00e9rica Latina. O pioneirismo do programa j\u00e1 foi aclamado por se tratar de um verdadeiro ponto de converg\u00eancia e debate da ortodontia contempor\u00e2nea e por seus m\u00f3dulos se configurarem como \u201cverdadeiros congressos\u201d, devido \u00e0 concentra\u00e7\u00e3o de grandes nomes em t\u00e3o poucos dias.<\/p>\n<p>Formatado para ser realizado em m\u00f3dulos semanais, realizados a cada dois meses, o Excel\u00eancia na Ortodontia est\u00e1 na d\u00e9cima sexta turma.<\/p>\n<p>&nbsp;<\/p>\n<p><strong><span style=\"color: #800000;\">Nesta semana a programa\u00e7\u00e3o est\u00e1 composta assim:<\/span><\/strong><\/p>\n<p>&nbsp;<\/p>\n<p>&#8211; <strong>David Normando:<\/strong> Harmonia Facial o Caminho para a Excel\u00eancia Est\u00e9tica e Funcional do Sistema Mastigat\u00f3rio<\/p>\n<p><a href=\"https:\/\/dentalpress.com.br\/portal\/wp-content\/uploads\/2014\/09\/normando.jpg\"><img fetchpriority=\"high\" decoding=\"async\" alt=\"normando\" src=\"https:\/\/dentalpress.com.br\/portal\/wp-content\/uploads\/2014\/09\/normando.jpg\" width=\"700\" height=\"216\" \/><\/a><\/p>\n<p>&nbsp;<\/p>\n<p>&#8211; <strong>Leopoldino Capelozza:<\/strong> Padr\u00e3o Facial e Individualiza\u00e7\u00e3o de braquetes<\/p>\n<p><a href=\"https:\/\/dentalpress.com.br\/portal\/wp-content\/uploads\/2014\/09\/capelozza.jpg\"><img decoding=\"async\" alt=\"capelozza\" src=\"https:\/\/dentalpress.com.br\/portal\/wp-content\/uploads\/2014\/09\/capelozza.jpg\" width=\"700\" height=\"216\" \/><\/a><\/p>\n<p>&nbsp;<\/p>\n<p>&#8211; <strong>Marcos Janson:<\/strong> Tratamento Orto-p\u00e9rio<\/p>\n<p><a href=\"https:\/\/dentalpress.com.br\/portal\/wp-content\/uploads\/2014\/09\/janson.jpg\"><img decoding=\"async\" class=\"alignnone size-full wp-image-5331\" alt=\"janson\" src=\"https:\/\/dentalpress.com.br\/portal\/wp-content\/uploads\/2014\/09\/janson.jpg\" width=\"700\" height=\"216\" srcset=\"\/wp-content\/uploads\/2014\/09\/janson.jpg 700w, \/wp-content\/uploads\/2014\/09\/janson-300x92.jpg 300w\" sizes=\"(max-width: 700px) 100vw, 700px\" \/><\/a><\/p>\n<p>&#8211; <strong>Simone Chagas:<\/strong> Workshop APM<\/p>\n<p><a href=\"https:\/\/dentalpress.com.br\/portal\/wp-content\/uploads\/2014\/09\/simone.jpg\"><img loading=\"lazy\" decoding=\"async\" class=\"alignnone size-full wp-image-5330\" alt=\"simone\" src=\"https:\/\/dentalpress.com.br\/portal\/wp-content\/uploads\/2014\/09\/simone.jpg\" width=\"700\" height=\"216\" srcset=\"\/wp-content\/uploads\/2014\/09\/simone.jpg 700w, \/wp-content\/uploads\/2014\/09\/simone-300x92.jpg 300w\" sizes=\"(max-width: 700px) 100vw, 700px\" \/><\/a><\/p>\n<p>&nbsp;<\/p>\n<p>&#8211; <strong>Carlo Marassi:<\/strong> Finaliza\u00e7\u00e3o e mini-implante e Novas Tend\u00eancias em Ortodontia<\/p>\n<p><a href=\"https:\/\/dentalpress.com.br\/portal\/wp-content\/uploads\/2014\/09\/marassi.jpg\"><img loading=\"lazy\" decoding=\"async\" alt=\"marassi\" src=\"https:\/\/dentalpress.com.br\/portal\/wp-content\/uploads\/2014\/09\/marassi.jpg\" width=\"700\" height=\"216\" \/><\/a><\/p>\n<p>&nbsp;<\/p>\n<p>&#8211; <strong>Paulo Conti:<\/strong> Desordens Temporomandibulares<\/p>\n<p><a href=\"https:\/\/dentalpress.com.br\/portal\/wp-content\/uploads\/2014\/09\/conti.jpg\"><img loading=\"lazy\" decoding=\"async\" alt=\"conti\" src=\"https:\/\/dentalpress.com.br\/portal\/wp-content\/uploads\/2014\/09\/conti.jpg\" width=\"700\" height=\"216\" \/><\/a><\/p>\n<p>&nbsp;<\/p>\n<p>&#8211; <strong>Silvia Reis:<\/strong> Tratamento em Adulto<\/p>\n<p><a href=\"https:\/\/dentalpress.com.br\/portal\/wp-content\/uploads\/2014\/09\/silviareis.jpg\"><img loading=\"lazy\" decoding=\"async\" alt=\"silviareis\" src=\"https:\/\/dentalpress.com.br\/portal\/wp-content\/uploads\/2014\/09\/silviareis.jpg\" width=\"700\" height=\"216\" \/><\/a><\/p>\n<p>&nbsp;<\/p>\n<p>&#8211; <strong>Julio Gurgel:<\/strong> Fios Ortod\u00f4nticos<\/p>\n<p><a href=\"https:\/\/dentalpress.com.br\/portal\/wp-content\/uploads\/2014\/09\/gurgel.jpg\"><img loading=\"lazy\" decoding=\"async\" alt=\"gurgel\" src=\"https:\/\/dentalpress.com.br\/portal\/wp-content\/uploads\/2014\/09\/gurgel.jpg\" width=\"700\" height=\"216\" \/><\/a><\/p>\n<p>&#8211; <strong>Jorge Faber:<\/strong> Distra\u00e7\u00e3o Osteog\u00eanica<\/p>\n<p><a href=\"https:\/\/dentalpress.com.br\/portal\/wp-content\/uploads\/2014\/09\/faber.jpg\"><img loading=\"lazy\" decoding=\"async\" class=\"alignnone size-full wp-image-5314\" alt=\"faber\" src=\"https:\/\/dentalpress.com.br\/portal\/wp-content\/uploads\/2014\/09\/faber.jpg\" width=\"700\" height=\"216\" srcset=\"\/wp-content\/uploads\/2014\/09\/faber.jpg 700w, \/wp-content\/uploads\/2014\/09\/faber-300x92.jpg 300w\" sizes=\"(max-width: 700px) 100vw, 700px\" \/><\/a><\/p>\n<p><strong><span style=\"color: #800000;\">Nas palavras do coordenador e idealizador do Excel\u00eancia, Dr. Laurindo Furquim contextualiza a iniciativa:<\/span><\/strong><\/p>\n<p>&nbsp;<\/p>\n<p>\u201cA Ortodontia e a Ortopedia Facial s\u00e3o ci\u00eancias em constantes mudan\u00e7as. A cada dia, novos estudos s\u00e3o realizados a fim de aperfei\u00e7oar a qualidade e a dura\u00e7\u00e3o do tempo de tratamento, visando o melhor para os pacientes. Assim, novas t\u00e9cnicas s\u00e3o desenvolvidas, e cabe aos ortodontistas estarem atualizados para atender \u00e0 demanda dos pacientes, que est\u00e3o cada vez mais bem informados e exigentes.<\/p>\n<p>&nbsp;<\/p>\n<p>Pensando nisso, a Dental Press International criou, em 1999, O Excel\u00eancia na Ortodontia. Foi o primeiro programa de educa\u00e7\u00e3o continuada desenvolvido exclusivamente a especialistas j\u00e1 formados. Trata-se do \u00fanico <a href=\"https:\/\/dentalpress.com.br\/portal\/como-inserir-lasers-de-baixa-e-alta-potencia-na-rotina-clinica\/\">curso<\/a> em toda a Am\u00e9rica Latina a reunir um corpo docente t\u00e3o extenso e qualificado, formado por autoridades reconhecidas tanto pela pr\u00e1tica cl\u00ednica quanto pela contribui\u00e7\u00e3o cient\u00edfica \u00e0 Ortodontia.<\/p>\n<p>&nbsp;<\/p>\n<p>N\u00e3o s\u00e3o s\u00f3 os professores do programa que garantem o n\u00edvel de Excel\u00eancia proposto pela Dental Press, mas tamb\u00e9m os participantes. As turmas s\u00e3o realmente especiais!\u201d<\/p>\n<p>&nbsp;<\/p>\n<p>&nbsp;<\/p>\n<p><span style=\"color: #800000;\"><strong>Abaixo veja a lista dos atuais participantes.<\/strong><\/span><\/p>\n<p>&nbsp;<\/p>\n<p>Alexandre Trindade Bittar &#8211; S\u00e3o Paulo \/ SP<\/p>\n<p>Ana Paula Morales Cobra de Carvalho &#8211; S\u00e3o Paulo \/ SP<\/p>\n<p>Andre Luis Santinon &#8211; Teut\u00f4nia \/ RS<\/p>\n<p>Ant\u00f4nio Vanderson Cavalheiro &#8211; Chapec\u00f3 \/ SC<\/p>\n<p>Carisa Nogueira de Sa Pereira Costa &#8211; Cachoeira Paulista \/ SP<\/p>\n<p>C\u00e1ssia Rafaela Vitkosky &#8211; Blumenau \/ SC<\/p>\n<p>Christian Teixeira Bettanin &#8211; Barreiras \/ BA<\/p>\n<p>Cl\u00e1udia Weber Denardin &#8211; Alegrete \/ RS<\/p>\n<p>Cristian Silochi Borges &#8211; Passo Fundo \/ RS<\/p>\n<p>Dayane Thais Pagnoncelli de Oliveira &#8211; Ivinhema \/ MS<\/p>\n<p>D\u00f3ris Bussolin Ruaro de Moraes &#8211; Porto Alegre \/ RS<\/p>\n<p>Eduardo Zanon Moreira &#8211; Cruzeiro do Sul \/ RS<\/p>\n<p>Elizete Regina Refatti &#8211; Prudent\u00f3polis \/ PR<\/p>\n<p>Eliane Ferreira Lima &#8211; Vi\u00e7osa \/ MG<\/p>\n<p>Fernanda Maria Foltran Scucato &#8211; Curitiba \/ PR<\/p>\n<p>Fabiane Ravaneli &#8211; Curitiba \/ PR<\/p>\n<p>Flavia Pereira Balsalobre &#8211; Osvaldo Cruz \/ PR<\/p>\n<p>Fl\u00e1via Marson Ca\u00e7\u00e3o &#8211; Paragua\u00e7u Paulista \/ SP<\/p>\n<p>Giovana Paola Heck Kroeff &#8211; Nova Hamburgo \/ RS<\/p>\n<p>Gabriela Ferrari da Silva Schwengber &#8211; Vit\u00f3ria \/ ES<\/p>\n<p>Iliziane Zerwes Wagner &#8211; Foz do Igua\u00e7u \/ PR<\/p>\n<p>Isadora Kirsten Barbisan &#8211; Porto Alegre \/ RS<\/p>\n<p>Joao Vicente &#8211; Blumenau \/ SC<\/p>\n<p>Jos\u00e9 Eduardo Luz Silva &#8211; S\u00e3o Paulo \/ SP<\/p>\n<p>Marcio Matte &#8211; Ibirub\u00e1 \/ RS<\/p>\n<p>Maria Emilia de Oliveira Antunes &#8211; Belo Horizonte \/ MG<\/p>\n<p>Osvaldo Bosi &#8211; Caxias do Sul &#8211; \/ RS<\/p>\n<p>Rafael Chadud Matoso &#8211; Uberl\u00e2ndia \/ MG<\/p>\n<p>Roque Jos\u00e9 Mueller &#8211; Porto Alegre \/ RS<\/p>\n<p>S\u00f4nia Paczko &#8211; Porto Alegre \/ RS<\/p>\n<p>Tha\u00eds de Rocco Echeverria &#8211; Guarapuava \/ PR<\/p>\n<p>Viviane Zis de Ara\u00fajo &#8211; Porto Alegre \/ RS<\/p>\n<p>Daniela Coelho Rangel Imoto Takeshita &#8211; Guaratinguet\u00e1 \/ SP<\/p>\n<p>&nbsp;<\/p>\n<p>Website oficial do Excel\u00eancia na Ortodontia:\u00a0<a href=\"https:\/\/www.dentalpress.com.br\/curso\/excelencia\/ortodontia\/#home\/\" target=\"_blank\">https:\/\/www.dentalpress.com.br\/curso\/excelencia\/ortodontia\/#home\/<\/a><\/p>\n","protected":false},"excerpt":{"rendered":"<p>D\u00e9cima sexta turma do Excel\u00eancia na Ortodontia recebe grandes nomes do ensino.<\/p>\n","protected":false},"author":20,"featured_media":5306,"comment_status":"open","ping_status":"closed","sticky":false,"template":"","format":"standard","meta":{"footnotes":""},"categories":[],"tags":[],"class_list":["post-5305","post","type-post","status-publish","format-standard","has-post-thumbnail"],"aioseo_notices":[],"amp_enabled":true,"_links":{"self":[{"href":"https:\/\/dentalpress.com.br\/portal\/wp-json\/wp\/v2\/posts\/5305","targetHints":{"allow":["GET"]}}],"collection":[{"href":"https:\/\/dentalpress.com.br\/portal\/wp-json\/wp\/v2\/posts"}],"about":[{"href":"https:\/\/dentalpress.com.br\/portal\/wp-json\/wp\/v2\/types\/post"}],"author":[{"embeddable":true,"href":"https:\/\/dentalpress.com.br\/portal\/wp-json\/wp\/v2\/users\/20"}],"replies":[{"embeddable":true,"href":"https:\/\/dentalpress.com.br\/portal\/wp-json\/wp\/v2\/comments?post=5305"}],"version-history":[{"count":0,"href":"https:\/\/dentalpress.com.br\/portal\/wp-json\/wp\/v2\/posts\/5305\/revisions"}],"wp:featuredmedia":[{"embeddable":true,"href":"https:\/\/dentalpress.com.br\/portal\/wp-json\/wp\/v2\/media\/5306"}],"wp:attachment":[{"href":"https:\/\/dentalpress.com.br\/portal\/wp-json\/wp\/v2\/media?parent=5305"}],"wp:term":[{"taxonomy":"category","embeddable":true,"href":"https:\/\/dentalpress.com.br\/portal\/wp-json\/wp\/v2\/categories?post=5305"},{"taxonomy":"post_tag","embeddable":true,"href":"https:\/\/dentalpress.com.br\/portal\/wp-json\/wp\/v2\/tags?post=5305"}],"curies":[{"name":"wp","href":"https:\/\/api.w.org\/{rel}","templated":true}]}}