{"id":48410,"date":"2026-08-31T22:14:45","date_gmt":"2026-08-31T22:14:45","guid":{"rendered":"https:\/\/dentalpress.com.br\/portal\/?p=48410"},"modified":"2026-08-31T22:14:45","modified_gmt":"2026-08-31T22:14:45","slug":"morre-aos-71-anos-o-ortodontista-omar-gabriel-da-silva-filho","status":"publish","type":"post","link":"https:\/\/dentalpress.com.br\/portal\/morre-aos-71-anos-o-ortodontista-omar-gabriel-da-silva-filho\/","title":{"rendered":"Morre aos 71 anos o ortodontista Omar Gabriel da Silva Filho"},"content":{"rendered":"<p>Morreu nesta segunda-feira, 31 de agosto, aos 71 anos, o cirurgi\u00e3o-dentista e ortodontista Omar Gabriel da Silva Filho, um dos nomes de maior destaque da Ortodontia brasileira e refer\u00eancia na reabilita\u00e7\u00e3o de pacientes com fissuras labiopalatinas. Durante 35 anos, ele atuou no Hospital de Reabilita\u00e7\u00e3o de Anomalias Craniofaciais da Universidade de S\u00e3o Paulo (HRAC-USP), o Centrinho, em Bauru.<\/p>\n<ul>\n<li><a href=\"https:\/\/dentalgo.com.br\/facelift25\/revista\/117\/Cl%C3%ADnical-2016-v15n2\/5?language=pt\">Leia a edi\u00e7\u00e3o em que Omar Gabriel foi capa da Revista Cl\u00ednica de Ortodontia<\/a><\/li>\n<\/ul>\n<p>A <a href=\"https:\/\/sampi.net.br\/piracicaba\/noticias\/3001770\/bauru-e-regiao\/2026\/08\/morre-em-bauru-omar-gabriel-referencia-mundial-da-ortodontia-\">morte foi comunicada pelo campus da USP em Bauru<\/a>, que registrou pesar pela perda do profissional. O Conselho Regional de Odontologia de S\u00e3o Paulo (CROSP) tamb\u00e9m destacou Omar como uma refer\u00eancia nacional e internacional na especialidade e ressaltou seu papel fundamental na trajet\u00f3ria do HRAC-USP.<\/p>\n<p>A despedida acontece em Bauru. O corpo est\u00e1 sendo velado no Sal\u00e3o Nobre 2 do Centro Velat\u00f3rio Terra Branca, localizado na Rua Gerson Fran\u00e7a, 5-55, no Centro. O sepultamento ser\u00e1 realizado nesta ter\u00e7a-feira, 1\u00ba de setembro, a partir das 15h, no Cemit\u00e9rio Jardim do Yp\u00ea, na Avenida Jos\u00e9 Vicente Aielo, 22-125, Parque das Na\u00e7\u00f5es.<\/p>\n<p><strong>Trajet\u00f3ria<\/strong><br \/>\nFormado em Odontologia pela Faculdade de Odontologia de Bauru da Universidade de S\u00e3o Paulo (FOB-USP) em 1976, Omar Gabriel ingressou no HRAC-USP no ano seguinte, em 1977. Em 1983, concluiu sua especializa\u00e7\u00e3o em Ortodontia.<\/p>\n<p>Foi justamente naquele ano que teve in\u00edcio uma das atividades que marcariam sua carreira: o Curso de Ortodontia Preventiva e Interceptiva, que Omar ministrou e coordenou durante quase tr\u00eas d\u00e9cadas. O curso tornou-se um importante espa\u00e7o de forma\u00e7\u00e3o profissional e ajudou a preparar gera\u00e7\u00f5es de cirurgi\u00f5es-dentistas.<\/p>\n<p>A import\u00e2ncia desse trabalho permaneceu mesmo depois de sua atua\u00e7\u00e3o direta no curso. Em publica\u00e7\u00e3o da USP sobre o livro Ortodontia Pr\u00e1tica, Omar \u00e9 identificado como fundador e coordenador, entre 1983 e 2010, do curso que posteriormente passou a levar seu nome: Curso de Ortodontia Preventiva e Interceptiva \u201cProfessor Omar Gabriel da Silva Filho\u201d.<\/p>\n<p><strong>A ci\u00eancia a servi\u00e7o dos pacientes<\/strong><br \/>\nO tratamento ortod\u00f4ntico de crian\u00e7as ocupou lugar central na trajet\u00f3ria de Omar Gabriel, especialmente no atendimento de pacientes com fissura labiopalatina.Sua produ\u00e7\u00e3o cient\u00edfica acompanhou de perto os desafios encontrados no atendimento desses pacientes. Omar participou de pesquisas e publica\u00e7\u00f5es sobre a ltera\u00e7\u00f5es dos arcos dent\u00e1rios, crescimento facial, oclus\u00e3o e protocolos de tratamento relacionados \u00e0s fissuras labiopalatinas.<\/p>\n<p>Entre os trabalhos registrados no Reposit\u00f3rio da USP est\u00e1 uma pesquisa de 2003 que avaliou o comportamento dos arcos dent\u00e1rios em crian\u00e7as com fissura bilateral completa de l\u00e1bio e palato submetidas \u00e0s cirurgias prim\u00e1rias.<\/p>\n<p>Em 2010, Omar tamb\u00e9m participou da publica\u00e7\u00e3o de um estudo sobre a etiologia das m\u00e1s oclus\u00f5es relacionadas \u00e0s fissuras labiopalatinas, ao lado de Daniela Gamba Garib, Guilherme Janson e Jo\u00e3o Henrique Nogueira Pinto.<\/p>\n<p>Outro marco foi sua participa\u00e7\u00e3o na elabora\u00e7\u00e3o do protocolo de tratamento ortod\u00f4ntico de pacientes com fissuras labiopalatinas do HRAC-USP, trabalho que ajudou a sistematizar a experi\u00eancia acumulada pelo Centrinho no atendimento desses pacientes.<\/p>\n<p>A produ\u00e7\u00e3o cient\u00edfica de Omar ultrapassou 200 trabalhos publicados. Segundo registros institucionais e publica\u00e7\u00e3o da Dental Press, ele se destacou como pesquisador e criador de protocolos, alguns deles utilizados internacionalmente.<\/p>\n<p><strong>Professor<\/strong><br \/>\nOmar Gabriel n\u00e3o construiu seu legado apenas por meio dos artigos cient\u00edficos. Uma parte essencial de sua contribui\u00e7\u00e3o esteve na sala de aula, nos cursos de especializa\u00e7\u00e3o, nas palestras e na forma\u00e7\u00e3o de profissionais.<\/p>\n<p>Durante sua carreira, ministrou aulas no Brasil e no exterior, tornando-se conhecido tamb\u00e9m fora do pa\u00eds. Em 2006, concluiu o mestrado em Ortodontia pela Faculdade de Odontologia de Ara\u00e7atuba (FOA-Unesp), em uma fase em que sua atua\u00e7\u00e3o como professor j\u00e1 alcan\u00e7ava diferentes pa\u00edses.<\/p>\n<p>A influ\u00eancia de seu trabalho pode ser percebida nas gera\u00e7\u00f5es de profissionais que passaram por seus cursos e posteriormente seguiram carreira na Ortodontia.<\/p>\n<p>A pr\u00f3pria comunidade acad\u00eamica e profissional passou a reconhecer essa trajet\u00f3ria. Em 2015, uma edi\u00e7\u00e3o da Revista Cl\u00ednica de Ortodontia foi dedicada \u00e0 homenagem ao ortodontista. Na ocasi\u00e3o, colegas o descreveram como um profissional diferenciado, professor reconhecido nacional e internacionalmente e algu\u00e9m com grande capacidade de transmitir conhecimento.<\/p>\n<p><strong>Literatura<\/strong><br \/>\n<img fetchpriority=\"high\" decoding=\"async\" class=\"size-medium wp-image-48411 alignleft\" src=\"https:\/\/dentalpress.com.br\/portal\/wp-content\/uploads\/2026\/08\/23e5919a-4028-411b-90af-9095980a184e-233x300.webp\" alt=\"\" width=\"233\" height=\"300\" srcset=\"\/wp-content\/uploads\/2026\/08\/23e5919a-4028-411b-90af-9095980a184e-233x300.webp 233w, \/wp-content\/uploads\/2026\/08\/23e5919a-4028-411b-90af-9095980a184e-150x193.webp 150w, \/wp-content\/uploads\/2026\/08\/23e5919a-4028-411b-90af-9095980a184e.webp 349w\" sizes=\"(max-width: 233px) 100vw, 233px\" \/>A rela\u00e7\u00e3o de Omar Gabriel com a produ\u00e7\u00e3o cient\u00edfica tamb\u00e9m se estendeu \u00e0 publica\u00e7\u00e3o especializada. Ele foi editor-chefe da revista Dental Press entre 2009 e 2010, per\u00edodo em que continuava exercendo forte influ\u00eancia na comunidade ortod\u00f4ntica.<\/p>\n<p>Sua produ\u00e7\u00e3o inclui trabalhos publicados em peri\u00f3dicos cient\u00edficos de refer\u00eancia. Um exemplo \u00e9 o estudo sobre a influ\u00eancia da expans\u00e3o r\u00e1pida da maxila na riz\u00f3lise dos caninos dec\u00edduos, publicado em 2009 na Revista Dental Press de Ortodontia e Ortopedia Facial.<\/p>\n<p>Omar tamb\u00e9m participou de obras e publica\u00e7\u00f5es voltadas \u00e0 integra\u00e7\u00e3o entre diferentes \u00e1reas envolvidas na reabilita\u00e7\u00e3o de pessoas com fissuras labiopalatinas. Em 1991, por exemplo, foi coautor, ao lado de Leopoldino Capelozza Filho, de trabalho sobre fissuras l\u00e1bio-palatais publicado na obra Ortodontia para Fonoaudiologia.<\/p>\n<p><strong>Uma carreira interrompida, mas um legado que permaneceu<\/strong><br \/>\nEm 2010, uma isquemia cerebral interrompeu sua carreira profissional da maneira como vinha sendo constru\u00edda at\u00e9 ent\u00e3o. Ainda assim, o conhecimento produzido, os profissionais formados e os protocolos desenvolvidos ao longo de d\u00e9cadas fizeram com que sua contribui\u00e7\u00e3o permanecesse presente na Ortodontia.<\/p>\n<p>Anos depois, colegas ainda ressaltavam sua capacidade intelectual e humana. Em homenagem publicada pela Dental Press, Omar foi lembrado por sua intelig\u00eancia, sensibilidade, generosidade e capacidade de ensinar.<\/p>\n<p>Seu nome tamb\u00e9m ficou associado \u00e0 pr\u00f3pria hist\u00f3ria do Centrinho. Mais do que um profissional que passou pelo hospital, Omar Gabriel ajudou a construir parte da tradi\u00e7\u00e3o de ensino, pesquisa e assist\u00eancia que tornou o HRAC-USP uma refer\u00eancia na \u00e1rea de anomalias craniofaciais.<\/p>\n<p><strong>Despedida<\/strong><br \/>\nA morte de Omar Gabriel da Silva Filho encerra uma trajet\u00f3ria de quase quatro d\u00e9cadas ligada \u00e0 Odontologia e, especialmente, \u00e0 Ortodontia. Sua atua\u00e7\u00e3o combinou assist\u00eancia, pesquisa e ensino, com aten\u00e7\u00e3o especial a crian\u00e7as e pacientes com fissuras labiopalatinas.<\/p>\n<p>Aos 71 anos, deixa como legado n\u00e3o apenas centenas de trabalhos cient\u00edficos e protocolos de tratamento, mas tamb\u00e9m uma extensa lista de profissionais que tiveram sua forma\u00e7\u00e3o influenciada por seus ensinamentos.<\/p>\n<p>Para amigos, colegas e alunos, permanece a lembran\u00e7a de um professor cuja contribui\u00e7\u00e3o ultrapassou a t\u00e9cnica: um profissional reconhecido pela intelig\u00eancia, lideran\u00e7a intelectual, generosidade, sensibilidade e humanidade.<\/p>\n<p>Vel\u00f3rio: Sal\u00e3o Nobre 2 do Centro Velat\u00f3rio Terra Branca \u2014 Rua Gerson Fran\u00e7a, 5-55, Centro, Bauru.<\/p>\n<p>Sepultamento: ter\u00e7a-feira, 1\u00ba de setembro, a partir das 15h, no Cemit\u00e9rio Jardim do Yp\u00ea \u2014 Avenida Jos\u00e9 Vicente Aielo, 22-125, Parque das Na\u00e7\u00f5es, Bauru.<\/p>\n<p>Neste momento de despedida, ficam registradas as condol\u00eancias aos familiares, amigos, colegas, alunos e a todos que tiveram sua trajet\u00f3ria marcada pela presen\u00e7a e pelos ensinamentos do Dr. Omar Gabriel da Silva Filho.<\/p>\n","protected":false},"excerpt":{"rendered":"<p>Morreu nesta segunda-feira, 31 de agosto, aos 71 anos, o cirurgi\u00e3o-dentista e ortodontista Omar Gabriel da Silva Filho, um dos nomes de maior destaque da Ortodontia brasileira e refer\u00eancia na reabilita\u00e7\u00e3o de pacientes com fissuras labiopalatinas. Durante 35 anos, ele atuou no Hospital de Reabilita\u00e7\u00e3o de Anomalias Craniofaciais da Universidade de S\u00e3o Paulo (HRAC-USP), o<\/p>\n","protected":false},"author":7,"featured_media":48412,"comment_status":"open","ping_status":"open","sticky":false,"template":"","format":"standard","meta":{"footnotes":""},"categories":[4764,351,757,299,3549],"tags":[],"class_list":["post-48410","post","type-post","status-publish","format-standard","has-post-thumbnail","category-capa","category-destaque","category-home","category-noticias","category-news"],"aioseo_notices":[],"amp_enabled":true,"_links":{"self":[{"href":"https:\/\/dentalpress.com.br\/portal\/wp-json\/wp\/v2\/posts\/48410","targetHints":{"allow":["GET"]}}],"collection":[{"href":"https:\/\/dentalpress.com.br\/portal\/wp-json\/wp\/v2\/posts"}],"about":[{"href":"https:\/\/dentalpress.com.br\/portal\/wp-json\/wp\/v2\/types\/post"}],"author":[{"embeddable":true,"href":"https:\/\/dentalpress.com.br\/portal\/wp-json\/wp\/v2\/users\/7"}],"replies":[{"embeddable":true,"href":"https:\/\/dentalpress.com.br\/portal\/wp-json\/wp\/v2\/comments?post=48410"}],"version-history":[{"count":1,"href":"https:\/\/dentalpress.com.br\/portal\/wp-json\/wp\/v2\/posts\/48410\/revisions"}],"predecessor-version":[{"id":48413,"href":"https:\/\/dentalpress.com.br\/portal\/wp-json\/wp\/v2\/posts\/48410\/revisions\/48413"}],"wp:featuredmedia":[{"embeddable":true,"href":"https:\/\/dentalpress.com.br\/portal\/wp-json\/wp\/v2\/media\/48412"}],"wp:attachment":[{"href":"https:\/\/dentalpress.com.br\/portal\/wp-json\/wp\/v2\/media?parent=48410"}],"wp:term":[{"taxonomy":"category","embeddable":true,"href":"https:\/\/dentalpress.com.br\/portal\/wp-json\/wp\/v2\/categories?post=48410"},{"taxonomy":"post_tag","embeddable":true,"href":"https:\/\/dentalpress.com.br\/portal\/wp-json\/wp\/v2\/tags?post=48410"}],"curies":[{"name":"wp","href":"https:\/\/api.w.org\/{rel}","templated":true}]}}