{"id":48331,"date":"2026-08-31T08:00:30","date_gmt":"2026-08-31T08:00:30","guid":{"rendered":"https:\/\/dentalpress.com.br\/portal\/?p=48331"},"modified":"2026-08-19T16:24:18","modified_gmt":"2026-08-19T16:24:18","slug":"amamentacao-contribui-para-formacao-bucal-do-bebe","status":"publish","type":"post","link":"https:\/\/dentalpress.com.br\/portal\/amamentacao-contribui-para-formacao-bucal-do-bebe\/","title":{"rendered":"Amamenta\u00e7\u00e3o contribui para forma\u00e7\u00e3o bucal do beb\u00ea"},"content":{"rendered":"<p class=\"isSelectedEnd\">A amamenta\u00e7\u00e3o desempenha um papel que vai al\u00e9m da nutri\u00e7\u00e3o nos primeiros meses de vida. O esfor\u00e7o realizado pelo beb\u00ea durante a suc\u00e7\u00e3o contribui para o desenvolvimento da boca e da face e pode favorecer fun\u00e7\u00f5es como mastiga\u00e7\u00e3o, respira\u00e7\u00e3o e fala. A rela\u00e7\u00e3o entre aleitamento e sa\u00fade bucal foi destacada pelo professor Francisco Wanderley Garcia de Paula Silva, da Faculdade de Odontologia de Ribeir\u00e3o Preto (Forp) da USP. A informa\u00e7\u00e3o \u00e9 do <a href=\"https:\/\/jornal.usp.br\">jornal da USP<\/a>.<\/p>\n<ul>\n<li><a href=\"https:\/\/dentalpress.com.br\/portal\/cfo-muda-regras-de-sedacao-em-procedimentos-odontologicos\/\">CFO muda regras de seda\u00e7\u00e3o em procedimentos odontol\u00f3gicos<\/a><\/li>\n<li><a href=\"https:\/\/www.dentalpressbooks.com\">Conhe\u00e7a os lan\u00e7amentos da Editora Dental Press<\/a><\/li>\n<\/ul>\n<p class=\"isSelectedEnd\">Diferentemente do fluxo mais passivo proporcionado pela mamadeira, retirar o leite do peito exige movimentos coordenados da mand\u00edbula e da l\u00edngua. Segundo o especialista, esse est\u00edmulo funciona como um exerc\u00edcio e favorece o crescimento harmonioso da maxila, mand\u00edbula e face, al\u00e9m de contribuir para o desenvolvimento da mastiga\u00e7\u00e3o, da fala e da respira\u00e7\u00e3o nasal.<\/p>\n<p class=\"isSelectedEnd\">O aleitamento materno exclusivo por pelo menos seis meses tamb\u00e9m est\u00e1 relacionado \u00e0 menor ocorr\u00eancia de altera\u00e7\u00f5es como mordida aberta, mordida cruzada e apinhamento dent\u00e1rio. A substitui\u00e7\u00e3o precoce desse est\u00edmulo natural por chupetas e mamadeiras, por outro lado, pode aumentar a possibilidade de altera\u00e7\u00f5es no formato do palato e de desequil\u00edbrios musculares que, futuramente, podem exigir tratamento ortod\u00f4ntico.<\/p>\n<p><strong>Cuidados<\/strong><br \/>\nO acompanhamento odontol\u00f3gico da m\u00e3e tamb\u00e9m integra esse processo. Segundo Paula Silva, o pr\u00e9-natal odontol\u00f3gico n\u00e3o se limita ao tratamento de problemas dent\u00e1rios da gestante: funciona como estrat\u00e9gia preventiva e educativa para orientar sobre amamenta\u00e7\u00e3o, sa\u00fade bucal e desenvolvimento infantil.<\/p>\n<p class=\"isSelectedEnd\">O atendimento ainda pode ajudar a identificar condi\u00e7\u00f5es capazes de dificultar a amamenta\u00e7\u00e3o, como a anquiloglossia, popularmente conhecida como l\u00edngua presa. O especialista tamb\u00e9m destaca evid\u00eancias que relacionam doen\u00e7as periodontais n\u00e3o tratadas ao aumento do risco de parto prematuro e baixo peso ao nascer.<\/p>\n<p class=\"isSelectedEnd\">A Forp-USP mant\u00e9m um projeto de pesquisa e extens\u00e3o para qualificar cirurgi\u00f5es-dentistas da rede p\u00fablica no atendimento \u00e0s gestantes. A iniciativa deu origem ao curso Atualiza\u00e7\u00e3o em Pr\u00e9-Natal Odontol\u00f3gico e busca, entre outros objetivos, combater mitos que ainda afastam mulheres gr\u00e1vidas dos consult\u00f3rios odontol\u00f3gicos.<\/p>\n<p>Para os pesquisadores, fortalecer a integra\u00e7\u00e3o entre Odontologia, pr\u00e9-natal e incentivo ao aleitamento \u00e9 uma forma de ampliar o cuidado materno-infantil e contribuir para o desenvolvimento saud\u00e1vel da crian\u00e7a desde antes do nascimento.<\/p>\n","protected":false},"excerpt":{"rendered":"<p>A amamenta\u00e7\u00e3o desempenha um papel que vai al\u00e9m da nutri\u00e7\u00e3o nos primeiros meses de vida. O esfor\u00e7o realizado pelo beb\u00ea durante a suc\u00e7\u00e3o contribui para o desenvolvimento da boca e da face e pode favorecer fun\u00e7\u00f5es como mastiga\u00e7\u00e3o, respira\u00e7\u00e3o e fala. A rela\u00e7\u00e3o entre aleitamento e sa\u00fade bucal foi destacada pelo professor Francisco Wanderley Garcia<\/p>\n","protected":false},"author":7,"featured_media":48332,"comment_status":"open","ping_status":"open","sticky":false,"template":"","format":"standard","meta":{"footnotes":""},"categories":[4764,351,757,299,3549],"tags":[],"class_list":["post-48331","post","type-post","status-publish","format-standard","has-post-thumbnail","category-capa","category-destaque","category-home","category-noticias","category-news"],"aioseo_notices":[],"amp_enabled":true,"_links":{"self":[{"href":"https:\/\/dentalpress.com.br\/portal\/wp-json\/wp\/v2\/posts\/48331","targetHints":{"allow":["GET"]}}],"collection":[{"href":"https:\/\/dentalpress.com.br\/portal\/wp-json\/wp\/v2\/posts"}],"about":[{"href":"https:\/\/dentalpress.com.br\/portal\/wp-json\/wp\/v2\/types\/post"}],"author":[{"embeddable":true,"href":"https:\/\/dentalpress.com.br\/portal\/wp-json\/wp\/v2\/users\/7"}],"replies":[{"embeddable":true,"href":"https:\/\/dentalpress.com.br\/portal\/wp-json\/wp\/v2\/comments?post=48331"}],"version-history":[{"count":1,"href":"https:\/\/dentalpress.com.br\/portal\/wp-json\/wp\/v2\/posts\/48331\/revisions"}],"predecessor-version":[{"id":48333,"href":"https:\/\/dentalpress.com.br\/portal\/wp-json\/wp\/v2\/posts\/48331\/revisions\/48333"}],"wp:featuredmedia":[{"embeddable":true,"href":"https:\/\/dentalpress.com.br\/portal\/wp-json\/wp\/v2\/media\/48332"}],"wp:attachment":[{"href":"https:\/\/dentalpress.com.br\/portal\/wp-json\/wp\/v2\/media?parent=48331"}],"wp:term":[{"taxonomy":"category","embeddable":true,"href":"https:\/\/dentalpress.com.br\/portal\/wp-json\/wp\/v2\/categories?post=48331"},{"taxonomy":"post_tag","embeddable":true,"href":"https:\/\/dentalpress.com.br\/portal\/wp-json\/wp\/v2\/tags?post=48331"}],"curies":[{"name":"wp","href":"https:\/\/api.w.org\/{rel}","templated":true}]}}