{"id":48324,"date":"2026-09-02T08:00:40","date_gmt":"2026-09-02T08:00:40","guid":{"rendered":"https:\/\/dentalpress.com.br\/portal\/?p=48324"},"modified":"2026-08-19T15:41:20","modified_gmt":"2026-08-19T15:41:20","slug":"bacterias-podem-estar-ligadas-a-aneurismas-cerebrais","status":"publish","type":"post","link":"https:\/\/dentalpress.com.br\/portal\/bacterias-podem-estar-ligadas-a-aneurismas-cerebrais\/","title":{"rendered":"Bact\u00e9rias podem estar ligadas a aneurismas cerebrais"},"content":{"rendered":"<p class=\"isSelectedEnd\">Pesquisadores da Universidade de S\u00e3o Paulo (USP) identificaram DNA da bact\u00e9ria <em>Escherichia coli<\/em> na parede de aneurismas intracranianos, resultado que levanta a hip\u00f3tese de uma rela\u00e7\u00e3o entre as microbiotas periodontal e intestinal e a forma\u00e7\u00e3o ou ruptura dessas altera\u00e7\u00f5es nos vasos sangu\u00edneos do c\u00e9rebro. A associa\u00e7\u00e3o, por\u00e9m, ainda precisa ser investigada para determinar se existe rela\u00e7\u00e3o de causa e efeito. A informa\u00e7\u00e3o \u00e9 do <a href=\"https:\/\/jornal.usp.br\/editorias\/ciencias\/ciencias-da-saude\/page\/6\/\">jornal da USP<\/a>.<\/p>\n<ul>\n<li><a href=\"https:\/\/dentalpress.com.br\/portal\/novo-livro-de-consolaro-e-mauricio-cardoso-ja-esta-a-venda\/\">Novo livro de Consolaro e Maur\u00edcio Cardoso j\u00e1 est\u00e1 \u00e0 venda<\/a><\/li>\n<li><a href=\"https:\/\/dentalpress.com.br\/portal\/cursos\/\">Conhe\u00e7a os cursos dispon\u00edveis na Dental Press<\/a><\/li>\n<\/ul>\n<p class=\"isSelectedEnd\">O estudo, publicado na revista <a href=\"https:\/\/www.sciencedirect.com\/journal\/clinical-neurology-and-neurosurgery\"><em>Clinical Neurology and Neurosurgery<\/em><\/a>, analisou amostras coletadas durante microcirurgias de aneurisma em pacientes do Hospital das Cl\u00ednicas da Faculdade de Medicina da USP (FMUSP). O DNA bacteriano foi identificado por t\u00e9cnicas de PCR. A presen\u00e7a de <em>E. coli<\/em> foi detectada em 44% dos casos avaliados.<\/p>\n<p class=\"isSelectedEnd\">Segundo os pesquisadores, embora a <em>E. coli<\/em> normalmente conviva com o organismo sem provocar danos, em determinadas situa\u00e7\u00f5es pode adquirir capacidade de causar doen\u00e7as. A hip\u00f3tese \u00e9 que a bact\u00e9ria chegue aos vasos pela corrente sangu\u00ednea e contribua para um processo inflamat\u00f3rio capaz de fragilizar a parede arterial.<\/p>\n<p class=\"isSelectedEnd\">A investiga\u00e7\u00e3o tamb\u00e9m chama aten\u00e7\u00e3o para a inflama\u00e7\u00e3o sist\u00eamica associada \u00e0s infec\u00e7\u00f5es periodontais e ao desequil\u00edbrio da microbiota intestinal. Processos inflamat\u00f3rios cr\u00f4nicos poderiam, segundo a hip\u00f3tese estudada, participar da remodela\u00e7\u00e3o dos vasos e contribuir para o desenvolvimento dos aneurismas.<\/p>\n<p class=\"isSelectedEnd\">Os aneurismas intracranianos s\u00e3o dilata\u00e7\u00f5es anormais formadas em vasos sangu\u00edneos fragilizados e podem ou n\u00e3o se romper. Tabagismo, hipertens\u00e3o arterial, predisposi\u00e7\u00e3o familiar e algumas doen\u00e7as gen\u00e9ticas est\u00e3o entre os fatores de risco j\u00e1 conhecidos. Os pesquisadores avaliam agora se h\u00e1bitos relacionados \u00e0 sa\u00fade bucal e \u00e0 alimenta\u00e7\u00e3o tamb\u00e9m podem integrar esse conjunto de fatores.<\/p>\n<p><strong>Associa\u00e7\u00e3o x Causa<br \/>\n<\/strong>Os autores ressaltam que os resultados devem ser interpretados com cautela. Encontrar material gen\u00e9tico bacteriano na parede de um aneurisma n\u00e3o comprova que a bact\u00e9ria tenha provocado sua forma\u00e7\u00e3o ou ruptura.<\/p>\n<p>A pesquisa avaliou 36 pacientes e n\u00e3o coletou amostras de outros tecidos, como gengiva, sangue, intestino e c\u00e9rebro, o que permitiria investigar a origem e o percurso das bact\u00e9rias. Novos estudos ser\u00e3o necess\u00e1rios para confirmar a associa\u00e7\u00e3o e esclarecer seus mecanismos. Ainda assim, os achados refor\u00e7am a investiga\u00e7\u00e3o sobre como a sa\u00fade bucal e intestinal pode estar relacionada a processos inflamat\u00f3rios em outras partes do organismo.<\/p>\n","protected":false},"excerpt":{"rendered":"<p>Pesquisadores da Universidade de S\u00e3o Paulo (USP) identificaram DNA da bact\u00e9ria Escherichia coli na parede de aneurismas intracranianos, resultado que levanta a hip\u00f3tese de uma rela\u00e7\u00e3o entre as microbiotas periodontal e intestinal e a forma\u00e7\u00e3o ou ruptura dessas altera\u00e7\u00f5es nos vasos sangu\u00edneos do c\u00e9rebro. A associa\u00e7\u00e3o, por\u00e9m, ainda precisa ser investigada para determinar se existe<\/p>\n","protected":false},"author":7,"featured_media":9218,"comment_status":"open","ping_status":"open","sticky":false,"template":"","format":"standard","meta":{"footnotes":""},"categories":[4764,351,757,299,3549],"tags":[],"class_list":["post-48324","post","type-post","status-publish","format-standard","has-post-thumbnail","category-capa","category-destaque","category-home","category-noticias","category-news"],"aioseo_notices":[],"amp_enabled":true,"_links":{"self":[{"href":"https:\/\/dentalpress.com.br\/portal\/wp-json\/wp\/v2\/posts\/48324","targetHints":{"allow":["GET"]}}],"collection":[{"href":"https:\/\/dentalpress.com.br\/portal\/wp-json\/wp\/v2\/posts"}],"about":[{"href":"https:\/\/dentalpress.com.br\/portal\/wp-json\/wp\/v2\/types\/post"}],"author":[{"embeddable":true,"href":"https:\/\/dentalpress.com.br\/portal\/wp-json\/wp\/v2\/users\/7"}],"replies":[{"embeddable":true,"href":"https:\/\/dentalpress.com.br\/portal\/wp-json\/wp\/v2\/comments?post=48324"}],"version-history":[{"count":1,"href":"https:\/\/dentalpress.com.br\/portal\/wp-json\/wp\/v2\/posts\/48324\/revisions"}],"predecessor-version":[{"id":48325,"href":"https:\/\/dentalpress.com.br\/portal\/wp-json\/wp\/v2\/posts\/48324\/revisions\/48325"}],"wp:featuredmedia":[{"embeddable":true,"href":"https:\/\/dentalpress.com.br\/portal\/wp-json\/wp\/v2\/media\/9218"}],"wp:attachment":[{"href":"https:\/\/dentalpress.com.br\/portal\/wp-json\/wp\/v2\/media?parent=48324"}],"wp:term":[{"taxonomy":"category","embeddable":true,"href":"https:\/\/dentalpress.com.br\/portal\/wp-json\/wp\/v2\/categories?post=48324"},{"taxonomy":"post_tag","embeddable":true,"href":"https:\/\/dentalpress.com.br\/portal\/wp-json\/wp\/v2\/tags?post=48324"}],"curies":[{"name":"wp","href":"https:\/\/api.w.org\/{rel}","templated":true}]}}