{"id":47842,"date":"2026-03-04T08:00:49","date_gmt":"2026-03-04T08:00:49","guid":{"rendered":"https:\/\/dentalpress.com.br\/portal\/?p=47842"},"modified":"2026-02-20T15:09:04","modified_gmt":"2026-02-20T15:09:04","slug":"cfo-discute-especialidade-cirurgias-esteticas-da-face","status":"publish","type":"post","link":"https:\/\/dentalpress.com.br\/portal\/cfo-discute-especialidade-cirurgias-esteticas-da-face\/","title":{"rendered":"CFO discute especialidade &#8220;Cirurgias Est\u00e9ticas da Face&#8221;"},"content":{"rendered":"<p data-start=\"96\" data-end=\"440\">O <a href=\"https:\/\/website.cfo.org.br\/\"><span class=\"hover:entity-accent entity-underline inline cursor-pointer align-baseline\"><span class=\"whitespace-normal\">Conselho Federal de Odontologia<\/span><\/span> <\/a>(CFO) est\u00e1 debatendo com a Odontologia brasileira a elabora\u00e7\u00e3o do ato normativo da especialidade Cirurgias Est\u00e9ticas da Face. A iniciativa marca um passo decisivo no processo de regulamenta\u00e7\u00e3o da \u00e1rea no pa\u00eds.<\/p>\n<ul>\n<li data-start=\"96\" data-end=\"440\"><a href=\"https:\/\/dentalpress.com.br\/portal\/estudo-relaciona-doencas-bucais-e-impacto-no-esporte\/\">Estudo relaciona doen\u00e7as bucais e impacto no esporte<\/a><\/li>\n<li data-start=\"96\" data-end=\"440\"><a href=\"https:\/\/dentalpress.com.br\/portal\/cursos\/\">Conhe\u00e7a os cursos dispon\u00edveis na Dental Press para este ano<\/a><\/li>\n<\/ul>\n<p data-start=\"442\" data-end=\"768\">A proposta est\u00e1 sendo conduzida por uma comiss\u00e3o institu\u00edda no \u00e2mbito do pr\u00f3prio CFO, com base em crit\u00e9rios cient\u00edficos, t\u00e9cnicos e jur\u00eddicos. O objetivo \u00e9 garantir seguran\u00e7a jur\u00eddica ao exerc\u00edcio profissional, definir com clareza as compet\u00eancias do cirurgi\u00e3o-dentista e, sobretudo, assegurar a prote\u00e7\u00e3o da sa\u00fade da popula\u00e7\u00e3o.<\/p>\n<p data-start=\"770\" data-end=\"1112\">Segundo o Conselho, a constru\u00e7\u00e3o do marco normativo busca estabelecer par\u00e2metros objetivos e transparentes para a consolida\u00e7\u00e3o da especialidade, evitando sobreposi\u00e7\u00e3o de atua\u00e7\u00f5es com outras \u00e1reas da sa\u00fade, mantendo coer\u00eancia com as compet\u00eancias j\u00e1 reconhecidas da Odontologia e refor\u00e7ando a responsabilidade t\u00e9cnica no exerc\u00edcio profissional.<\/p>\n<p data-start=\"1114\" data-end=\"1387\">As contribui\u00e7\u00f5es enviadas pelos cirurgi\u00f5es-dentistas abordaram, especialmente, a defini\u00e7\u00e3o das compet\u00eancias profissionais, a delimita\u00e7\u00e3o objetiva dos atos cir\u00fargicos, os limites de atua\u00e7\u00e3o da especialidade e os par\u00e2metros de seguran\u00e7a e responsabilidade profissional.<\/p>\n<p data-start=\"1520\" data-end=\"1908\" data-is-last-node=\"\" data-is-only-node=\"\">Para o CFO, a participa\u00e7\u00e3o ativa da categoria \u00e9 considerada fundamental para a constru\u00e7\u00e3o respons\u00e1vel, t\u00e9cnica e transparente da nova especialidade. O Conselho destaca que o processo colaborativo fortalece institucionalmente a Odontologia brasileira e contribui para a cria\u00e7\u00e3o de diretrizes s\u00f3lidas que orientar\u00e3o a atua\u00e7\u00e3o futura dos profissionais na \u00e1rea de Cirurgias Est\u00e9ticas da Face.<\/p>\n","protected":false},"excerpt":{"rendered":"<p>O Conselho Federal de Odontologia (CFO) est\u00e1 debatendo com a Odontologia brasileira a elabora\u00e7\u00e3o do ato normativo da especialidade Cirurgias Est\u00e9ticas da Face. A iniciativa marca um passo decisivo no processo de regulamenta\u00e7\u00e3o da \u00e1rea no pa\u00eds. Estudo relaciona doen\u00e7as bucais e impacto no esporte Conhe\u00e7a os cursos dispon\u00edveis na Dental Press para este ano<\/p>\n","protected":false},"author":7,"featured_media":11549,"comment_status":"open","ping_status":"open","sticky":false,"template":"","format":"standard","meta":{"footnotes":""},"categories":[4764,351,757,299,3549],"tags":[],"class_list":{"0":"post-47842","1":"post","2":"type-post","3":"status-publish","4":"format-standard","5":"has-post-thumbnail","7":"category-capa","8":"category-destaque","9":"category-home","10":"category-noticias","11":"category-news"},"aioseo_notices":[],"amp_enabled":true,"_links":{"self":[{"href":"https:\/\/dentalpress.com.br\/portal\/wp-json\/wp\/v2\/posts\/47842","targetHints":{"allow":["GET"]}}],"collection":[{"href":"https:\/\/dentalpress.com.br\/portal\/wp-json\/wp\/v2\/posts"}],"about":[{"href":"https:\/\/dentalpress.com.br\/portal\/wp-json\/wp\/v2\/types\/post"}],"author":[{"embeddable":true,"href":"https:\/\/dentalpress.com.br\/portal\/wp-json\/wp\/v2\/users\/7"}],"replies":[{"embeddable":true,"href":"https:\/\/dentalpress.com.br\/portal\/wp-json\/wp\/v2\/comments?post=47842"}],"version-history":[{"count":1,"href":"https:\/\/dentalpress.com.br\/portal\/wp-json\/wp\/v2\/posts\/47842\/revisions"}],"predecessor-version":[{"id":47843,"href":"https:\/\/dentalpress.com.br\/portal\/wp-json\/wp\/v2\/posts\/47842\/revisions\/47843"}],"wp:featuredmedia":[{"embeddable":true,"href":"https:\/\/dentalpress.com.br\/portal\/wp-json\/wp\/v2\/media\/11549"}],"wp:attachment":[{"href":"https:\/\/dentalpress.com.br\/portal\/wp-json\/wp\/v2\/media?parent=47842"}],"wp:term":[{"taxonomy":"category","embeddable":true,"href":"https:\/\/dentalpress.com.br\/portal\/wp-json\/wp\/v2\/categories?post=47842"},{"taxonomy":"post_tag","embeddable":true,"href":"https:\/\/dentalpress.com.br\/portal\/wp-json\/wp\/v2\/tags?post=47842"}],"curies":[{"name":"wp","href":"https:\/\/api.w.org\/{rel}","templated":true}]}}