{"id":4753,"date":"2014-05-27T17:30:59","date_gmt":"2014-05-27T20:30:59","guid":{"rendered":"https:\/\/www.dentalpress.com.br\/portal\/?p=4753"},"modified":"2014-06-02T10:01:52","modified_gmt":"2014-06-02T13:01:52","slug":"11o-curso-mecanica-ortodontica","status":"publish","type":"post","link":"https:\/\/dentalpress.com.br\/portal\/11o-curso-mecanica-ortodontica\/","title":{"rendered":"11\u00ba Curso de Mec\u00e2nica Ortod\u00f4ntica"},"content":{"rendered":"<div>Iniciou, nessa segunda-feira (26), o 11\u00ba <a href=\"https:\/\/dentalpress.com.br\/portal\/como-inserir-lasers-de-baixa-e-alta-potencia-na-rotina-clinica\/\">Curso<\/a> de Mec\u00e2nica Ortod\u00f4ntica. Ap\u00f3s cerim\u00f4nia de abertura, o Prof. Dr. Bruno Furquim deu in\u00edcio ao curso,\u00a0ministrando aula sobre &#8220;Cantilever&#8221;.<\/div>\n<div><\/div>\n<div>O <strong>Dr. Bruno Furquim<\/strong> \u00e9 cirurgi\u00e3o-dentista; Especialista em Ortodontia pelo CFO; fez extens\u00e3o em Ortodontia na\u00a0Royal University Of Aarhus &#8211; Royal Dental College &#8211; Dinamarca; \u00e9 Mestre em Ortodontia e Doutor em Reabilita\u00e7\u00e3o Oral pela USP. Tamb\u00e9m \u00e9 coordenador do Programa de Educa\u00e7\u00e3o Continuada Excel\u00eancia na <a href=\"https:\/\/dentalpress.com.br\/portal\/especializacao-em-implantodontia-transforme-sua-carreira-com-precisao-e-seguranca\/\">Implantodontia<\/a>, Diretor Editorial da Dental Press International e atua, principalmente, nos temas: tri\u00e2ngulo negro, embrasura gengival, Classe II, Aparelho de Protra\u00e7\u00e3o Mandibular, pacientes adultos e DTM.<\/div>\n<div><\/div>\n<div><strong>Vejas as fotos:<\/strong><\/div>\n<div><object width=\"800\" height=\"533\" classid=\"clsid:d27cdb6e-ae6d-11cf-96b8-444553540000\" codebase=\"http:\/\/download.macromedia.com\/pub\/shockwave\/cabs\/flash\/swflash.cab#version=6,0,40,0\"><param name=\"src\" value=\"https:\/\/photos.gstatic.com\/media\/slideshow.swf\" \/><param name=\"flashvars\" value=\"host=picasaweb.google.com&amp;hl=pt_BR&amp;feat=flashalbum&amp;RGB=0x000000&amp;feed=https%3A%2F%2Fpicasaweb.google.com%2Fdata%2Ffeed%2Fapi%2Fuser%2F105563955363363904212%2Falbumid%2F6018183766342068769%3Falt%3Drss%26kind%3Dphoto%26hl%3Dpt_BR\" \/><param name=\"pluginspage\" value=\"http:\/\/www.macromedia.com\/go\/getflashplayer\" \/><embed width=\"800\" height=\"533\" type=\"application\/x-shockwave-flash\" src=\"https:\/\/photos.gstatic.com\/media\/slideshow.swf\" flashvars=\"host=picasaweb.google.com&amp;hl=pt_BR&amp;feat=flashalbum&amp;RGB=0x000000&amp;feed=https%3A%2F%2Fpicasaweb.google.com%2Fdata%2Ffeed%2Fapi%2Fuser%2F105563955363363904212%2Falbumid%2F6018183766342068769%3Falt%3Drss%26kind%3Dphoto%26hl%3Dpt_BR\" pluginspage=\"http:\/\/www.macromedia.com\/go\/getflashplayer\" \/><\/object><\/div>\n","protected":false},"excerpt":{"rendered":"<p>Iniciou, nessa segunda-feira (26), o 11\u00ba Curso de Mec\u00e2nica Ortod\u00f4ntica. Ap\u00f3s cerim\u00f4nia de abertura, o Prof. Dr. Bruno Furquim deu in\u00edcio ao curso, ministrando aula sobre &#8220;Cantilever&#8221;.<\/p>\n","protected":false},"author":20,"featured_media":0,"comment_status":"open","ping_status":"closed","sticky":false,"template":"","format":"standard","meta":{"footnotes":""},"categories":[],"tags":[],"class_list":["post-4753","post","type-post","status-publish","format-standard"],"aioseo_notices":[],"amp_enabled":true,"_links":{"self":[{"href":"https:\/\/dentalpress.com.br\/portal\/wp-json\/wp\/v2\/posts\/4753","targetHints":{"allow":["GET"]}}],"collection":[{"href":"https:\/\/dentalpress.com.br\/portal\/wp-json\/wp\/v2\/posts"}],"about":[{"href":"https:\/\/dentalpress.com.br\/portal\/wp-json\/wp\/v2\/types\/post"}],"author":[{"embeddable":true,"href":"https:\/\/dentalpress.com.br\/portal\/wp-json\/wp\/v2\/users\/20"}],"replies":[{"embeddable":true,"href":"https:\/\/dentalpress.com.br\/portal\/wp-json\/wp\/v2\/comments?post=4753"}],"version-history":[{"count":0,"href":"https:\/\/dentalpress.com.br\/portal\/wp-json\/wp\/v2\/posts\/4753\/revisions"}],"wp:attachment":[{"href":"https:\/\/dentalpress.com.br\/portal\/wp-json\/wp\/v2\/media?parent=4753"}],"wp:term":[{"taxonomy":"category","embeddable":true,"href":"https:\/\/dentalpress.com.br\/portal\/wp-json\/wp\/v2\/categories?post=4753"},{"taxonomy":"post_tag","embeddable":true,"href":"https:\/\/dentalpress.com.br\/portal\/wp-json\/wp\/v2\/tags?post=4753"}],"curies":[{"name":"wp","href":"https:\/\/api.w.org\/{rel}","templated":true}]}}