{"id":4747,"date":"2014-05-27T14:28:16","date_gmt":"2014-05-27T17:28:16","guid":{"rendered":"https:\/\/www.dentalpress.com.br\/portal\/?p=4747"},"modified":"2014-06-26T14:27:19","modified_gmt":"2014-06-26T17:27:19","slug":"dra-flavia-artese-assume-direcao-abor","status":"publish","type":"post","link":"https:\/\/dentalpress.com.br\/portal\/dra-flavia-artese-assume-direcao-abor\/","title":{"rendered":"Dra. Flavia Artese assume a dire\u00e7\u00e3o da ABOR"},"content":{"rendered":"<p>No dia 17 de maio ocorreu, em Bras\u00edlia, a elei\u00e7\u00e3o da Diretoria Executiva da ABOR, para o bi\u00eanio 2014-2016. O Dr. Ricardo Machado Cruz se despediu da Presid\u00eancia, e passou o cargo \u00e0 Dra. Flavia Artese (Editora adjunta do Dental Press Journal of Orthodontics, publica\u00e7\u00e3o oficial da ABOR). Ela ir\u00e1 liderar essa Associa\u00e7\u00e3o juntamente \u00e0 nova diretoria, que fica assim constitu\u00edda:<\/p>\n<p>Dr. Jos\u00e9 Mauricio Vieira (Vice-presidente), Dr. Flavio Carvalho (Tesoureiro), Dr. S\u00e9rgio Caetano (Secret\u00e1rio), Dr. Jos\u00e9 Augusto Mendes Miguel (Diretor Cient\u00edfico) e Dr. Hugo Caracas (Diretor de Comunica\u00e7\u00e3o).<\/p>\n<p>Aproveitamos para parabenizar ao Dr. Ricardo e sua Diretoria, pela brilhante atua\u00e7\u00e3o nos \u00faltimos 4 anos, e damos as boas-vindas \u00e0 nova Diretoria Executiva.<\/p>\n<p><a href=\"https:\/\/dentalpress.com.br\/portal\/wp-content\/uploads\/2014\/05\/10390394_580931778671007_4324535652729342561_n.jpg\"><img fetchpriority=\"high\" decoding=\"async\" class=\"aligncenter size-full wp-image-4748\" alt=\"10390394_580931778671007_4324535652729342561_n\" src=\"https:\/\/dentalpress.com.br\/portal\/wp-content\/uploads\/2014\/05\/10390394_580931778671007_4324535652729342561_n.jpg\" width=\"407\" height=\"332\" \/><\/a><\/p>\n<p style=\"text-align: center;\"><strong>Dr. Ricardo Machado Cruz e Dra. Fl\u00e1via Artese<\/strong><\/p>\n<p style=\"text-align: left;\">Fonte: ABOR<\/p>\n","protected":false},"excerpt":{"rendered":"<p>No dia 17 de maio ocorreu, em Bras\u00edlia, a elei\u00e7\u00e3o da Diretoria Executiva da ABOR, para o bi\u00eanio 2014-2016. O Dr. Ricardo Machado Cruz se despediu da Presid\u00eancia, e passou o cargo \u00e0 Dra. Flavia Artese (Editora adjunta do Dental Press Journal of Orthodontics, publica\u00e7\u00e3o oficial da ABOR).<\/p>\n","protected":false},"author":20,"featured_media":4748,"comment_status":"open","ping_status":"closed","sticky":false,"template":"","format":"standard","meta":{"footnotes":""},"categories":[],"tags":[],"class_list":["post-4747","post","type-post","status-publish","format-standard","has-post-thumbnail"],"aioseo_notices":[],"amp_enabled":true,"_links":{"self":[{"href":"https:\/\/dentalpress.com.br\/portal\/wp-json\/wp\/v2\/posts\/4747","targetHints":{"allow":["GET"]}}],"collection":[{"href":"https:\/\/dentalpress.com.br\/portal\/wp-json\/wp\/v2\/posts"}],"about":[{"href":"https:\/\/dentalpress.com.br\/portal\/wp-json\/wp\/v2\/types\/post"}],"author":[{"embeddable":true,"href":"https:\/\/dentalpress.com.br\/portal\/wp-json\/wp\/v2\/users\/20"}],"replies":[{"embeddable":true,"href":"https:\/\/dentalpress.com.br\/portal\/wp-json\/wp\/v2\/comments?post=4747"}],"version-history":[{"count":0,"href":"https:\/\/dentalpress.com.br\/portal\/wp-json\/wp\/v2\/posts\/4747\/revisions"}],"wp:featuredmedia":[{"embeddable":true,"href":"https:\/\/dentalpress.com.br\/portal\/wp-json\/wp\/v2\/media\/4748"}],"wp:attachment":[{"href":"https:\/\/dentalpress.com.br\/portal\/wp-json\/wp\/v2\/media?parent=4747"}],"wp:term":[{"taxonomy":"category","embeddable":true,"href":"https:\/\/dentalpress.com.br\/portal\/wp-json\/wp\/v2\/categories?post=4747"},{"taxonomy":"post_tag","embeddable":true,"href":"https:\/\/dentalpress.com.br\/portal\/wp-json\/wp\/v2\/tags?post=4747"}],"curies":[{"name":"wp","href":"https:\/\/api.w.org\/{rel}","templated":true}]}}