{"id":4728,"date":"2014-05-22T14:02:05","date_gmt":"2014-05-22T17:02:05","guid":{"rendered":"https:\/\/www.dentalpress.com.br\/portal\/?p=4728"},"modified":"2014-06-02T10:02:14","modified_gmt":"2014-06-02T13:02:14","slug":"dr-alberto-consolaro","status":"publish","type":"post","link":"https:\/\/dentalpress.com.br\/portal\/dr-alberto-consolaro\/","title":{"rendered":"Dr. Alberto Consolaro"},"content":{"rendered":"<p>Dr. Alberto Consolaro ministra aula, nesta quarta-feira (21), na PUC em Porto Alegre; na quinta e sexta-feira (22 e 23) para os alunos da 8\u00aa <a href=\"https:\/\/dentalpress.com.br\/portal\/especializacao-em-harmonizacao-orofacial\/\">Especializa\u00e7\u00e3o<\/a> da UPF (Universidade de Passo Fundo), e em comemora\u00e7\u00e3o aos 53 anos da Universidade de Passo Fundo; e tamb\u00e9m se mobiliza com a a\u00e7\u00e3o do CRO-RS, \u201cMaio Vermelho\u201d, ministrando palestra sobre c\u00e2ncer bucal.<\/p>\n<p>&nbsp;<\/p>\n<p><a href=\"https:\/\/dentalpress.com.br\/portal\/wp-content\/uploads\/2014\/05\/consolaro.jpg\"><img fetchpriority=\"high\" decoding=\"async\" class=\"aligncenter size-full wp-image-4732\" alt=\"consolaro\" src=\"https:\/\/dentalpress.com.br\/portal\/wp-content\/uploads\/2014\/05\/consolaro.jpg\" width=\"450\" height=\"300\" srcset=\"\/wp-content\/uploads\/2014\/05\/consolaro.jpg 450w, \/wp-content\/uploads\/2014\/05\/consolaro-300x200.jpg 300w\" sizes=\"(max-width: 450px) 100vw, 450px\" \/><\/a><\/p>\n","protected":false},"excerpt":{"rendered":"<p>Dr. Alberto Consolaro ministra aula, nesta quarta-feira (21), na PUC em Porto Alegre; na quinta e sexta-feira (22 e 23) para os alunos da 8\u00aa Especializa\u00e7\u00e3o da UPF (Universidade de Passo Fundo).<\/p>\n","protected":false},"author":20,"featured_media":4729,"comment_status":"open","ping_status":"closed","sticky":false,"template":"","format":"standard","meta":{"footnotes":""},"categories":[],"tags":[],"class_list":["post-4728","post","type-post","status-publish","format-standard","has-post-thumbnail"],"aioseo_notices":[],"amp_enabled":true,"_links":{"self":[{"href":"https:\/\/dentalpress.com.br\/portal\/wp-json\/wp\/v2\/posts\/4728","targetHints":{"allow":["GET"]}}],"collection":[{"href":"https:\/\/dentalpress.com.br\/portal\/wp-json\/wp\/v2\/posts"}],"about":[{"href":"https:\/\/dentalpress.com.br\/portal\/wp-json\/wp\/v2\/types\/post"}],"author":[{"embeddable":true,"href":"https:\/\/dentalpress.com.br\/portal\/wp-json\/wp\/v2\/users\/20"}],"replies":[{"embeddable":true,"href":"https:\/\/dentalpress.com.br\/portal\/wp-json\/wp\/v2\/comments?post=4728"}],"version-history":[{"count":0,"href":"https:\/\/dentalpress.com.br\/portal\/wp-json\/wp\/v2\/posts\/4728\/revisions"}],"wp:featuredmedia":[{"embeddable":true,"href":"https:\/\/dentalpress.com.br\/portal\/wp-json\/wp\/v2\/media\/4729"}],"wp:attachment":[{"href":"https:\/\/dentalpress.com.br\/portal\/wp-json\/wp\/v2\/media?parent=4728"}],"wp:term":[{"taxonomy":"category","embeddable":true,"href":"https:\/\/dentalpress.com.br\/portal\/wp-json\/wp\/v2\/categories?post=4728"},{"taxonomy":"post_tag","embeddable":true,"href":"https:\/\/dentalpress.com.br\/portal\/wp-json\/wp\/v2\/tags?post=4728"}],"curies":[{"name":"wp","href":"https:\/\/api.w.org\/{rel}","templated":true}]}}