{"id":47225,"date":"2025-08-28T08:00:15","date_gmt":"2025-08-28T08:00:15","guid":{"rendered":"https:\/\/dentalpress.com.br\/portal\/?p=47225"},"modified":"2025-08-25T15:32:34","modified_gmt":"2025-08-25T15:32:34","slug":"estudo-da-nyu-traz-relacao-entre-microbioma-oral-e-depressao","status":"publish","type":"post","link":"https:\/\/dentalpress.com.br\/portal\/estudo-da-nyu-traz-relacao-entre-microbioma-oral-e-depressao\/","title":{"rendered":"Estudo da NYU traz rela\u00e7\u00e3o entre microbioma oral e depress\u00e3o"},"content":{"rendered":"<p data-start=\"70\" data-end=\"322\">Um novo estudo da <a href=\"https:\/\/www.passportusa.com\/nursing-jobs-in-usa-1?utm_term=how%20to%20become%20a%20registered%20nurse%20in%20america&amp;utm_campaign=HCI_Search_NB_ROW_Americas_2025&amp;utm_source=adwords&amp;utm_medium=ppc&amp;hsa_acc=4402544347&amp;hsa_net=adwords&amp;hsa_cam=22329058927&amp;hsa_ad=737936838459&amp;hsa_kw=how%20to%20become%20a%20registered%20nurse%20in%20america&amp;hsa_grp=183029975264&amp;hsa_mt=b&amp;hsa_ver=3&amp;hsa_src=g&amp;hsa_tgt=kwd-468695758288&amp;gad_source=1&amp;gad_campaignid=22329058927&amp;gbraid=0AAAAAD-6UQ3ZZ0qymCrAkMfpq9cmocjn6&amp;gclid=CjwKCAjwk7DFBhBAEiwAeYbJsQgFv8e9hrGobIWpJnef2kqQYnsclQdzZM7WblxdXungh7YdtFgJuRoCGLwQAvD_BwE\">NYU Rory Meyers College of Nursing<\/a> sugere que a diversidade de microrganismos presentes na boca pode estar diretamente associada \u00e0 sa\u00fade mental, em especial \u00e0 depress\u00e3o. A pesquisa foi publicada na revista <em data-start=\"302\" data-end=\"319\">BMC Oral Health<\/em>.<\/p>\n<ul>\n<li data-start=\"70\" data-end=\"322\"><a href=\"https:\/\/dentalpress.com.br\/portal\/eleiccoes-dos-cros-2025-acontecem-em-outubro\/\">Elei\u00e7\u00f5es dos CROs 2025 acontecem em outubro<\/a><\/li>\n<li data-start=\"70\" data-end=\"322\"><a href=\"http:\/\/www.dentalgo.com.br\">Assine o Dental GO e tenha acesso a mais de 6 mil artigos<\/a><\/li>\n<\/ul>\n<p data-start=\"324\" data-end=\"808\">A boca abriga entre 500 bilh\u00f5es e 1 trilh\u00e3o de bact\u00e9rias, formando a segunda maior comunidade de microrganismos do corpo humano, atr\u00e1s apenas do intestino. Estudos anteriores j\u00e1 haviam demonstrado a liga\u00e7\u00e3o entre o microbioma oral e condi\u00e7\u00f5es como diabetes e dem\u00eancia, com base em processos inflamat\u00f3rios e respostas do sistema imunol\u00f3gico. Agora, os pesquisadores apontam evid\u00eancias de que tamb\u00e9m pode haver um elo entre o microbioma oral e os transtornos de humor.<\/p>\n<p data-start=\"812\" data-end=\"1052\">\u201cCompreender melhor essa rela\u00e7\u00e3o pode n\u00e3o apenas revelar mecanismos subjacentes \u00e0 depress\u00e3o, mas tamb\u00e9m abrir caminho para novos biomarcadores ou tratamentos\u201d, afirmou Bei Wu, vice-reitora de pesquisa da NYU e autora s\u00eanior do estudo.<\/p>\n<p data-start=\"1088\" data-end=\"1404\">Os cientistas analisaram dados do National Health and Nutrition Examination Survey (NHANES), levantamento realizado pelos Centros de Controle e Preven\u00e7\u00e3o de Doen\u00e7as (CDC) dos Estados Unidos. Foram avaliadas informa\u00e7\u00f5es de mais de 15 mil adultos, com idades a partir de 18 anos, coletadas entre 2009 e 2012.<\/p>\n<p data-start=\"1406\" data-end=\"1609\">Os volunt\u00e1rios responderam question\u00e1rios sobre sintomas depressivos, enquanto suas amostras de saliva foram sequenciadas geneticamente para identificar e medir a diversidade bacteriana da boca.<\/p>\n<p data-start=\"1642\" data-end=\"1953\">A an\u00e1lise revelou que pessoas com menor diversidade no microbioma oral apresentaram maior propens\u00e3o a sintomas de depress\u00e3o. Fatores como tabagismo, consumo de \u00e1lcool e h\u00e1bitos de higiene bucal tamb\u00e9m mostraram influ\u00eancia sobre essa rela\u00e7\u00e3o, j\u00e1 que podem modificar a composi\u00e7\u00e3o bacteriana da boca.<\/p>\n<p data-start=\"1955\" data-end=\"2178\">Ainda n\u00e3o est\u00e1 claro se a baixa diversidade microbiana contribui para o desenvolvimento da depress\u00e3o ou se o pr\u00f3prio quadro depressivo leva a mudan\u00e7as no microbioma oral \u2014 hip\u00f3tese que sugere uma rela\u00e7\u00e3o de m\u00e3o dupla.<\/p>\n<p data-start=\"2182\" data-end=\"2520\">\u201c\u00c9 poss\u00edvel que o microbioma oral influencie sintomas depressivos por meio de inflama\u00e7\u00e3o ou altera\u00e7\u00f5es no sistema imunol\u00f3gico. Por outro lado, a depress\u00e3o pode provocar mudan\u00e7as no estilo de vida, como m\u00e1 higiene bucal, maior tabagismo, uso de medicamentos e consumo de \u00e1lcool, que afetam diretamente a microbiota da boca\u201d, explicou Wu.<\/p>\n<p data-start=\"2555\" data-end=\"2787\"><strong>Pr\u00f3ximos passos<\/strong><br \/>\nDe acordo com os autores, os resultados refor\u00e7am a import\u00e2ncia de aprofundar o estudo do microbioma oral n\u00e3o apenas na sa\u00fade mental, mas tamb\u00e9m em condi\u00e7\u00f5es cognitivas como o decl\u00ednio mental e o surgimento da dem\u00eancia.<\/p>\n<p data-start=\"2789\" data-end=\"3024\">A expectativa \u00e9 que futuras pesquisas possam determinar se a an\u00e1lise da diversidade bacteriana da boca poder\u00e1 ser utilizada como ferramenta de diagn\u00f3stico precoce ou at\u00e9 mesmo como base para novas terapias contra a depress\u00e3o.<\/p>\n","protected":false},"excerpt":{"rendered":"<p>Um novo estudo da NYU Rory Meyers College of Nursing sugere que a diversidade de microrganismos presentes na boca pode estar diretamente associada \u00e0 sa\u00fade mental, em especial \u00e0 depress\u00e3o. A pesquisa foi publicada na revista BMC Oral Health. Elei\u00e7\u00f5es dos CROs 2025 acontecem em outubro Assine o Dental GO e tenha acesso a mais<\/p>\n","protected":false},"author":7,"featured_media":24224,"comment_status":"open","ping_status":"open","sticky":false,"template":"","format":"standard","meta":{"footnotes":""},"categories":[4764,351,757,299,3549],"tags":[],"class_list":{"0":"post-47225","1":"post","2":"type-post","3":"status-publish","4":"format-standard","5":"has-post-thumbnail","7":"category-capa","8":"category-destaque","9":"category-home","10":"category-noticias","11":"category-news"},"aioseo_notices":[],"amp_enabled":true,"_links":{"self":[{"href":"https:\/\/dentalpress.com.br\/portal\/wp-json\/wp\/v2\/posts\/47225","targetHints":{"allow":["GET"]}}],"collection":[{"href":"https:\/\/dentalpress.com.br\/portal\/wp-json\/wp\/v2\/posts"}],"about":[{"href":"https:\/\/dentalpress.com.br\/portal\/wp-json\/wp\/v2\/types\/post"}],"author":[{"embeddable":true,"href":"https:\/\/dentalpress.com.br\/portal\/wp-json\/wp\/v2\/users\/7"}],"replies":[{"embeddable":true,"href":"https:\/\/dentalpress.com.br\/portal\/wp-json\/wp\/v2\/comments?post=47225"}],"version-history":[{"count":1,"href":"https:\/\/dentalpress.com.br\/portal\/wp-json\/wp\/v2\/posts\/47225\/revisions"}],"predecessor-version":[{"id":47226,"href":"https:\/\/dentalpress.com.br\/portal\/wp-json\/wp\/v2\/posts\/47225\/revisions\/47226"}],"wp:featuredmedia":[{"embeddable":true,"href":"https:\/\/dentalpress.com.br\/portal\/wp-json\/wp\/v2\/media\/24224"}],"wp:attachment":[{"href":"https:\/\/dentalpress.com.br\/portal\/wp-json\/wp\/v2\/media?parent=47225"}],"wp:term":[{"taxonomy":"category","embeddable":true,"href":"https:\/\/dentalpress.com.br\/portal\/wp-json\/wp\/v2\/categories?post=47225"},{"taxonomy":"post_tag","embeddable":true,"href":"https:\/\/dentalpress.com.br\/portal\/wp-json\/wp\/v2\/tags?post=47225"}],"curies":[{"name":"wp","href":"https:\/\/api.w.org\/{rel}","templated":true}]}}