{"id":47223,"date":"2025-08-27T08:00:30","date_gmt":"2025-08-27T08:00:30","guid":{"rendered":"https:\/\/dentalpress.com.br\/portal\/?p=47223"},"modified":"2025-08-25T15:24:40","modified_gmt":"2025-08-25T15:24:40","slug":"cientistas-desenvolvem-pasta-de-dente-com-cabelo-humano","status":"publish","type":"post","link":"https:\/\/dentalpress.com.br\/portal\/cientistas-desenvolvem-pasta-de-dente-com-cabelo-humano\/","title":{"rendered":"Cientistas desenvolvem pasta de dente com cabelo humano"},"content":{"rendered":"<p data-start=\"181\" data-end=\"491\">Uma inova\u00e7\u00e3o promissora da odontologia regenerativa pode transformar a forma como cuidamos da sa\u00fade bucal. Pesquisadores do<a href=\"https:\/\/forward-college.eu\/?utm_term=kings%20college%20london&amp;utm_campaign=EK%20ALL%20PPC%20GEN&amp;utm_source=adwords&amp;utm_medium=ppc&amp;utm_content=716089402687&amp;hsa_acc=3879277184&amp;hsa_cam=21789142930&amp;hsa_grp=171556556794&amp;hsa_ad=716089402687&amp;hsa_src=g&amp;hsa_tgt=kwd-300902688671&amp;hsa_kw=kings%20college%20london&amp;hsa_mt=p&amp;hsa_net=adwords&amp;hsa_ver=3&amp;gad_source=1&amp;gad_campaignid=21789142930&amp;gbraid=0AAAAABp_6JFrijK4sIJqoHoAJm6lyCs3G&amp;gclid=CjwKCAjwk7DFBhBAEiwAeYbJsRTx787Edsymb8NrmkcX3OgwFeOfzVnSaiMHoIacBu-huL7N5qOWZxoC8zcQAvD_BwE\"> King\u2019s College London <\/a>descobriram que a queratina, prote\u00edna presente no cabelo, na pele e na l\u00e3, \u00e9 capaz de reparar o esmalte dent\u00e1rio e interromper as fases iniciais da c\u00e1rie.<\/p>\n<ul>\n<li data-start=\"181\" data-end=\"491\"><a href=\"https:\/\/dentalpress.com.br\/portal\/plantas-influenciam-o-desgaste-dentario-diz-estudo\/\">Plantas influenciam o desgaste dent\u00e1rio, diz estudo<\/a><\/li>\n<li data-start=\"181\" data-end=\"491\"><a href=\"http:\/\/www.dentalgo.com.br\">Assine o Dental GO e tenha acesso a mais de 6 mil artigos cient\u00edficos<\/a><\/li>\n<\/ul>\n<p data-start=\"493\" data-end=\"780\">O estudo, publicado na revista <em data-start=\"524\" data-end=\"555\">Advanced Healthcare Materials<\/em>, mostrou que a queratina forma um revestimento protetor quando entra em contato com os minerais da saliva. Esse revestimento imita a estrutura e a fun\u00e7\u00e3o do esmalte natural, oferecendo uma barreira contra eros\u00f5es e les\u00f5es.<\/p>\n<p data-start=\"493\" data-end=\"780\">Os cientistas extra\u00edram queratina da l\u00e3 para os testes. Quando aplicada na superf\u00edcie do dente, a prote\u00edna formou uma estrutura cristalina altamente organizada, semelhante ao esmalte. Com o tempo, essa camada atraiu \u00edons de c\u00e1lcio e fosfato, criando uma prote\u00e7\u00e3o ainda mais robusta contra desgastes.<\/p>\n<p data-start=\"1117\" data-end=\"1477\">\u201cO esmalte n\u00e3o se regenera. Uma vez perdido, desaparece para sempre\u201d, explicou o <a href=\"https:\/\/dentalpress.com.br\/portal\/reforma-tributaria-impacta-dentistas-e-pacientes-com-custos\/\">dentista<\/a> e pesquisador Sherif Elsharkawy, um dos autores do estudo. \u201cA queratina cria uma camada densa que sela canais nervosos expostos, aliviando a sensibilidade e protegendo a estrutura dent\u00e1ria de forma muito mais eficaz do que os dentifr\u00edcios convencionais com fl\u00faor.\u201d<\/p>\n<p data-start=\"1506\" data-end=\"1804\">Segundo a equipe, o tratamento pode ser disponibilizado em duas modalidades: em pasta de dente de uso di\u00e1rio ou em gel aplicado profissionalmente, semelhante a um verniz, para repara\u00e7\u00f5es mais direcionadas. A expectativa \u00e9 que a tecnologia esteja dispon\u00edvel ao p\u00fablico em dois a tr\u00eas anos.<\/p>\n<p data-start=\"1506\" data-end=\"1804\"><strong>Sustentabilidade<\/strong><br \/>\nA pesquisadora Sara Gamea, primeira autora do estudo, destacou que o uso da queratina tem vantagens adicionais: \u201cAl\u00e9m de ser obtida de forma sustent\u00e1vel a partir de res\u00edduos biol\u00f3gicos, como cabelo e pele, a queratina substitui as resinas pl\u00e1sticas usadas hoje em restaura\u00e7\u00f5es, que s\u00e3o t\u00f3xicas e menos dur\u00e1veis. \u00c9 um material mais natural, que pode se aproximar da cor original do dente.\u201d<\/p>\n<p data-start=\"2250\" data-end=\"2405\">O avan\u00e7o tamb\u00e9m dialoga com preocupa\u00e7\u00f5es crescentes sobre a sustentabilidade de materiais usados em sa\u00fade e sobre os impactos do uso prolongado de fl\u00faor.<\/p>\n<p data-start=\"2407\" data-end=\"2750\">\u201cEstamos entrando em uma era em que a biotecnologia nos permite n\u00e3o apenas tratar sintomas, mas restaurar fun\u00e7\u00f5es biol\u00f3gicas utilizando materiais do pr\u00f3prio corpo\u201d, afirmou Elsharkawy. \u201cCom mais desenvolvimento e parcerias na ind\u00fastria, ser\u00e1 poss\u00edvel alcan\u00e7ar sorrisos mais fortes e saud\u00e1veis com algo t\u00e3o simples quanto um corte de cabelo.\u201d<\/p>\n","protected":false},"excerpt":{"rendered":"<p>Uma inova\u00e7\u00e3o promissora da odontologia regenerativa pode transformar a forma como cuidamos da sa\u00fade bucal. Pesquisadores do King\u2019s College London descobriram que a queratina, prote\u00edna presente no cabelo, na pele e na l\u00e3, \u00e9 capaz de reparar o esmalte dent\u00e1rio e interromper as fases iniciais da c\u00e1rie. Plantas influenciam o desgaste dent\u00e1rio, diz estudo Assine<\/p>\n","protected":false},"author":7,"featured_media":24827,"comment_status":"open","ping_status":"open","sticky":false,"template":"","format":"standard","meta":{"footnotes":""},"categories":[4764,351,757,299,3549],"tags":[],"class_list":{"0":"post-47223","1":"post","2":"type-post","3":"status-publish","4":"format-standard","5":"has-post-thumbnail","7":"category-capa","8":"category-destaque","9":"category-home","10":"category-noticias","11":"category-news"},"aioseo_notices":[],"amp_enabled":true,"_links":{"self":[{"href":"https:\/\/dentalpress.com.br\/portal\/wp-json\/wp\/v2\/posts\/47223","targetHints":{"allow":["GET"]}}],"collection":[{"href":"https:\/\/dentalpress.com.br\/portal\/wp-json\/wp\/v2\/posts"}],"about":[{"href":"https:\/\/dentalpress.com.br\/portal\/wp-json\/wp\/v2\/types\/post"}],"author":[{"embeddable":true,"href":"https:\/\/dentalpress.com.br\/portal\/wp-json\/wp\/v2\/users\/7"}],"replies":[{"embeddable":true,"href":"https:\/\/dentalpress.com.br\/portal\/wp-json\/wp\/v2\/comments?post=47223"}],"version-history":[{"count":1,"href":"https:\/\/dentalpress.com.br\/portal\/wp-json\/wp\/v2\/posts\/47223\/revisions"}],"predecessor-version":[{"id":47224,"href":"https:\/\/dentalpress.com.br\/portal\/wp-json\/wp\/v2\/posts\/47223\/revisions\/47224"}],"wp:featuredmedia":[{"embeddable":true,"href":"https:\/\/dentalpress.com.br\/portal\/wp-json\/wp\/v2\/media\/24827"}],"wp:attachment":[{"href":"https:\/\/dentalpress.com.br\/portal\/wp-json\/wp\/v2\/media?parent=47223"}],"wp:term":[{"taxonomy":"category","embeddable":true,"href":"https:\/\/dentalpress.com.br\/portal\/wp-json\/wp\/v2\/categories?post=47223"},{"taxonomy":"post_tag","embeddable":true,"href":"https:\/\/dentalpress.com.br\/portal\/wp-json\/wp\/v2\/tags?post=47223"}],"curies":[{"name":"wp","href":"https:\/\/api.w.org\/{rel}","templated":true}]}}