{"id":47217,"date":"2025-08-22T08:00:25","date_gmt":"2025-08-22T08:00:25","guid":{"rendered":"https:\/\/dentalpress.com.br\/portal\/?p=47217"},"modified":"2025-08-25T15:11:28","modified_gmt":"2025-08-25T15:11:28","slug":"eleiccoes-dos-cros-2025-acontecem-em-outubro","status":"publish","type":"post","link":"https:\/\/dentalpress.com.br\/portal\/eleiccoes-dos-cros-2025-acontecem-em-outubro\/","title":{"rendered":"Elei\u00e7\u00f5es dos CROs 2025 acontecem em outubro"},"content":{"rendered":"<p data-start=\"180\" data-end=\"424\">O Sistema Conselhos de Odontologia realiza, no dia 3 de outubro de 2025, a elei\u00e7\u00e3o nacional para renova\u00e7\u00e3o dos plen\u00e1rios dos Conselhos Regionais de Odontologia (CROs). O pleito definir\u00e1 as diretorias regionais que atuar\u00e3o no bi\u00eanio 2026\/2027.<\/p>\n<ul>\n<li data-start=\"180\" data-end=\"424\"><a href=\"https:\/\/dentalpress.com.br\/portal\/fotogrametria-intraoral-sem-fio-revoluciona-a-odontologia-digital-com-aoralscan-elite-wireless\/\">Fotogrametria Intraoral sem fio revoluciona a Odontologia Digital com Aoralscan Elite Wireless<\/a><\/li>\n<li data-start=\"180\" data-end=\"424\"><a href=\"https:\/\/www.dentalpressbooks.com\/especialidades\/livros-digitais\/\">Conhe\u00e7a os livros digitais dispon\u00edveis para compra na Dental Press<\/a><\/li>\n<\/ul>\n<p data-start=\"426\" data-end=\"657\">Est\u00e3o aptos a participar todos os cirurgi\u00f5es-dentistas inscritos com cadastro principal ou remido e situa\u00e7\u00e3o financeira regularizada junto ao sistema. A vota\u00e7\u00e3o ocorrer\u00e1 nos 27 CROs, abrangendo os 26 estados e o Distrito Federal.<\/p>\n<p data-start=\"689\" data-end=\"844\"><strong>Modalidades<\/strong><br \/>\nConforme o Regimento Eleitoral do Conselho Federal de Odontologia, aprovado pela Resolu\u00e7\u00e3o CFO n\u00ba 267\/2024, a elei\u00e7\u00e3o ser\u00e1 realizada de duas formas:<\/p>\n<ul data-start=\"846\" data-end=\"1390\">\n<li data-start=\"846\" data-end=\"1070\">\n<p data-start=\"848\" data-end=\"1070\"><strong data-start=\"848\" data-end=\"867\">Presencialmente<\/strong>: nos estados do Amap\u00e1, Cear\u00e1, Par\u00e1, Para\u00edba, Pernambuco, Piau\u00ed e Roraima. Nestes locais, os profissionais dever\u00e3o comparecer ao ponto de vota\u00e7\u00e3o indicado pelo CRO, portando documento oficial com foto.<\/p>\n<\/li>\n<li data-start=\"1071\" data-end=\"1390\">\n<p data-start=\"1073\" data-end=\"1390\"><strong data-start=\"1073\" data-end=\"1083\">Online<\/strong>: nos demais estados e no Distrito Federal, o processo ser\u00e1 integralmente digital, com vota\u00e7\u00e3o aberta das 0h \u00e0s 23h59 do dia 3 de outubro, pelo hor\u00e1rio de Bras\u00edlia. O acesso ser\u00e1 feito pela plataforma <strong data-start=\"1284\" data-end=\"1301\">ELEJA ON-LINE<\/strong> (<a class=\"decorated-link\" href=\"https:\/\/eleicaocros2025.elejaonline.com\" target=\"_new\" rel=\"noopener\" data-start=\"1303\" data-end=\"1342\">https:\/\/eleicaocros2025.elejaonline.com<\/a>), de qualquer lugar do Brasil ou do exterior.<\/p>\n<\/li>\n<\/ul>\n<p data-start=\"1392\" data-end=\"1679\">Nos estados com vota\u00e7\u00e3o online, cada cirurgi\u00e3o-dentista receber\u00e1 uma senha provis\u00f3ria, enviada por SMS e\/ou e-mail at\u00e9 48 horas antes do in\u00edcio do pleito. O eleitor dever\u00e1 criar uma senha definitiva antes de registrar o voto. Ap\u00f3s a confirma\u00e7\u00e3o, ser\u00e1 emitido um comprovante eletr\u00f4nico.<\/p>\n<p data-start=\"1711\" data-end=\"1928\"><strong>Regras<\/strong><br \/>\nO prazo final para atualiza\u00e7\u00e3o cadastral e regulariza\u00e7\u00e3o financeira vai at\u00e9 <strong data-start=\"1787\" data-end=\"1812\">3 de setembro de 2025<\/strong>. S\u00f3 poder\u00e3o votar os profissionais que tenham inscri\u00e7\u00e3o principal ou remida emitida at\u00e9 60 dias antes da elei\u00e7\u00e3o.<\/p>\n<p data-start=\"1930\" data-end=\"2153\">Est\u00e3o impedidos de participar cirurgi\u00f5es-dentistas com inscri\u00e7\u00e3o provis\u00f3ria, secund\u00e1ria ou tempor\u00e1ria, bem como aqueles que possuam em carteira a anota\u00e7\u00e3o de \u201ccirurgi\u00e3o-dentista militar\u201d, conforme prev\u00ea a Lei n\u00ba 6.681\/79.<\/p>\n<p data-start=\"2186\" data-end=\"2320\"><strong>Voto obrigat\u00f3rio<\/strong><br \/>\nO voto \u00e9 pessoal e obrigat\u00f3rio, conforme o artigo 22 da Lei n\u00ba 4.324\/64, exceto para profissionais remidos, cujo voto \u00e9 facultativo.<\/p>\n<p data-start=\"2322\" data-end=\"2654\">Quem n\u00e3o participar da elei\u00e7\u00e3o dever\u00e1 apresentar justificativa no prazo de at\u00e9 oito dias ap\u00f3s o pleito. Em caso de aus\u00eancia sem justificativa, o profissional ficar\u00e1 sujeito ao pagamento de multa definida pela Assembleia Conjunta do CFO com os Conselhos Regionais. Em situa\u00e7\u00f5es de reincid\u00eancia, a penalidade ser\u00e1 aplicada em dobro.<\/p>\n","protected":false},"excerpt":{"rendered":"<p>O Sistema Conselhos de Odontologia realiza, no dia 3 de outubro de 2025, a elei\u00e7\u00e3o nacional para renova\u00e7\u00e3o dos plen\u00e1rios dos Conselhos Regionais de Odontologia (CROs). O pleito definir\u00e1 as diretorias regionais que atuar\u00e3o no bi\u00eanio 2026\/2027. Fotogrametria Intraoral sem fio revoluciona a Odontologia Digital com Aoralscan Elite Wireless Conhe\u00e7a os livros digitais dispon\u00edveis para<\/p>\n","protected":false},"author":7,"featured_media":22238,"comment_status":"open","ping_status":"open","sticky":false,"template":"","format":"standard","meta":{"footnotes":""},"categories":[4764,351,757,299,3549],"tags":[],"class_list":{"0":"post-47217","1":"post","2":"type-post","3":"status-publish","4":"format-standard","5":"has-post-thumbnail","7":"category-capa","8":"category-destaque","9":"category-home","10":"category-noticias","11":"category-news"},"aioseo_notices":[],"amp_enabled":true,"_links":{"self":[{"href":"https:\/\/dentalpress.com.br\/portal\/wp-json\/wp\/v2\/posts\/47217","targetHints":{"allow":["GET"]}}],"collection":[{"href":"https:\/\/dentalpress.com.br\/portal\/wp-json\/wp\/v2\/posts"}],"about":[{"href":"https:\/\/dentalpress.com.br\/portal\/wp-json\/wp\/v2\/types\/post"}],"author":[{"embeddable":true,"href":"https:\/\/dentalpress.com.br\/portal\/wp-json\/wp\/v2\/users\/7"}],"replies":[{"embeddable":true,"href":"https:\/\/dentalpress.com.br\/portal\/wp-json\/wp\/v2\/comments?post=47217"}],"version-history":[{"count":2,"href":"https:\/\/dentalpress.com.br\/portal\/wp-json\/wp\/v2\/posts\/47217\/revisions"}],"predecessor-version":[{"id":47219,"href":"https:\/\/dentalpress.com.br\/portal\/wp-json\/wp\/v2\/posts\/47217\/revisions\/47219"}],"wp:featuredmedia":[{"embeddable":true,"href":"https:\/\/dentalpress.com.br\/portal\/wp-json\/wp\/v2\/media\/22238"}],"wp:attachment":[{"href":"https:\/\/dentalpress.com.br\/portal\/wp-json\/wp\/v2\/media?parent=47217"}],"wp:term":[{"taxonomy":"category","embeddable":true,"href":"https:\/\/dentalpress.com.br\/portal\/wp-json\/wp\/v2\/categories?post=47217"},{"taxonomy":"post_tag","embeddable":true,"href":"https:\/\/dentalpress.com.br\/portal\/wp-json\/wp\/v2\/tags?post=47217"}],"curies":[{"name":"wp","href":"https:\/\/api.w.org\/{rel}","templated":true}]}}