{"id":47211,"date":"2025-08-26T08:00:24","date_gmt":"2025-08-26T08:00:24","guid":{"rendered":"https:\/\/dentalpress.com.br\/portal\/?p=47211"},"modified":"2025-08-25T14:55:32","modified_gmt":"2025-08-25T14:55:32","slug":"cfo-cobra-valorizacao-salarial-de-dentistas-ao-presidente","status":"publish","type":"post","link":"https:\/\/dentalpress.com.br\/portal\/cfo-cobra-valorizacao-salarial-de-dentistas-ao-presidente\/","title":{"rendered":"CFO cobra valoriza\u00e7\u00e3o salarial de dentistas ao presidente"},"content":{"rendered":"<p data-start=\"162\" data-end=\"562\">O <a href=\"https:\/\/website.cfo.org.br\/\">Conselho Federal de Odontologia<\/a> (CFO) refor\u00e7ou, diante do presidente Luiz In\u00e1cio Lula da Silva, a import\u00e2ncia da atualiza\u00e7\u00e3o do piso salarial dos cirurgi\u00f5es-dentistas no Brasil. O tema foi levado pelo presidente da autarquia, Claudio Miyake, durante a solenidade de entrega de 400 Unidades Odontol\u00f3gicas M\u00f3veis (UOMs), promovida pelo Governo Federal na \u00faltima quinta-feira (22), em Sorocaba (SP).<\/p>\n<ul>\n<li data-start=\"162\" data-end=\"562\"><a href=\"https:\/\/dentalpress.com.br\/portal\/especializacao-em-ortodontia-da-ufba-comemora-25-anos\/\">Especializa\u00e7\u00e3o em Ortodontia da UFBA comemora 25 anos<\/a><\/li>\n<li data-start=\"162\" data-end=\"562\"><a href=\"https:\/\/www.dentalpressbooks.com\/\">Conhe\u00e7a os livros dispon\u00edveis para compra no acervo da Dental Press<\/a><\/li>\n<\/ul>\n<p data-start=\"564\" data-end=\"720\">O evento tamb\u00e9m contou com a presen\u00e7a do ministro da Sa\u00fade, Alexandre Padilha, e do coordenador-geral de Sa\u00fade Bucal do Minist\u00e9rio da Sa\u00fade, Edson Lucena. As informa\u00e7\u00f5es s\u00e3o do CFO.<\/p>\n<p data-start=\"722\" data-end=\"1032\">Na ocasi\u00e3o, Miyake destacou que o Brasil possui o maior n\u00famero de profissionais da \u00e1rea noCFO cobra valoriza\u00e7\u00e3o salarial dos cirurgi\u00f5es-dentistas em evento com presidente Lula mundo, somando mais de 440 mil inscritos no Sistema Conselhos de Odontologia. Ele ressaltou que a valoriza\u00e7\u00e3o da categoria \u00e9 fundamental para garantir a amplia\u00e7\u00e3o e a qualidade do atendimento odontol\u00f3gico \u00e0 popula\u00e7\u00e3o.<\/p>\n<p data-start=\"1034\" data-end=\"1414\">\u201cTemos m\u00e3o de obra e profissionais capacitados para atender a toda a popula\u00e7\u00e3o. Mas precisamos da valoriza\u00e7\u00e3o dos cirurgi\u00f5es-dentistas, especialmente no que se refere ao piso salarial. Essa \u00e9 uma batalha que precisa caminhar junto com investimento, tecnologia e estrutura oferecidos pelo Governo Federal, para que possamos entregar a melhor sa\u00fade bucal ao pa\u00eds\u201d, afirmou Miyake.<\/p>\n<p data-start=\"1416\" data-end=\"1812\">O presidente do CFO tamb\u00e9m exaltou os avan\u00e7os trazidos pela Pol\u00edtica Nacional de Sa\u00fade Bucal, institu\u00edda pela Lei Federal 14.572\/2023. Segundo ele, o programa Brasil Sorridente, criado h\u00e1 mais de 20 anos, hoje se consolida em lei e amplia as perspectivas de universaliza\u00e7\u00e3o do atendimento odontol\u00f3gico. \u201cTemos a oportunidade de levar a Sa\u00fade Bucal para 100% da popula\u00e7\u00e3o brasileira\u201d, completou.<\/p>\n<p data-start=\"1416\" data-end=\"1812\"><strong>Discuss\u00e3o no Congresso<br \/>\n<\/strong>O tema da valoriza\u00e7\u00e3o salarial segue em discuss\u00e3o no Legislativo. O Projeto de Lei 765\/2015, de autoria do ex-deputado Benjamin Maranh\u00e3o, prev\u00ea sal\u00e1rio m\u00ednimo de R$ 10.513,00 para cirurgi\u00f5es-dentistas, jornada de 20 horas semanais e reajuste anual. A proposta, que re\u00fane outras proposi\u00e7\u00f5es semelhantes, foi aprovada em maio na Comiss\u00e3o de Trabalho da C\u00e2mara dos Deputados e aguarda a designa\u00e7\u00e3o de relator na Comiss\u00e3o de Finan\u00e7as e Tributa\u00e7\u00e3o.<\/p>\n<p data-start=\"2305\" data-end=\"2696\">No Senado, tramita o PL 1.365\/2022, apresentado pela senadora Daniella Ribeiro (PB). O texto prop\u00f5e a atualiza\u00e7\u00e3o dos pisos salariais de cirurgi\u00f5es-dentistas e m\u00e9dicos, al\u00e9m de altera\u00e7\u00f5es no adicional noturno e nas horas extras. Relatado pelo senador Nelsinho Trad (MS), o projeto j\u00e1 recebeu parecer favor\u00e1vel, mas teve a vota\u00e7\u00e3o adiada duas vezes na Comiss\u00e3o de Assuntos Econ\u00f4micos (CAE).<\/p>\n<p data-start=\"2305\" data-end=\"2696\"><strong>Mobiliza\u00e7\u00e3o Nacional<\/strong><br \/>\nAs entidades da categoria acompanham de perto a tramita\u00e7\u00e3o das propostas. O movimento ganhou for\u00e7a com a \u201cCaravana Pelo Piso Salarial dos Cirurgi\u00f5es-Dentistas e M\u00e9dicos\u201d, que re\u00fane o CFO, os Conselhos Regionais de Odontologia (CROs), federa\u00e7\u00f5es de odontologistas, al\u00e9m de entidades m\u00e9dicas como a Fenam e a Federa\u00e7\u00e3o16 M\u00e9dica Brasileira.<\/p>\n<p data-start=\"3065\" data-end=\"3250\">A pr\u00f3xima edi\u00e7\u00e3o da caravana est\u00e1 marcada para os dias 20 a 24 de outubro, em Bras\u00edlia, e deve reunir profissionais e representantes pol\u00edticos em defesa da aprova\u00e7\u00e3o do piso salarial.<\/p>\n","protected":false},"excerpt":{"rendered":"<p>O Conselho Federal de Odontologia (CFO) refor\u00e7ou, diante do presidente Luiz In\u00e1cio Lula da Silva, a import\u00e2ncia da atualiza\u00e7\u00e3o do piso salarial dos cirurgi\u00f5es-dentistas no Brasil. O tema foi levado pelo presidente da autarquia, Claudio Miyake, durante a solenidade de entrega de 400 Unidades Odontol\u00f3gicas M\u00f3veis (UOMs), promovida pelo Governo Federal na \u00faltima quinta-feira (22),<\/p>\n","protected":false},"author":7,"featured_media":47212,"comment_status":"open","ping_status":"open","sticky":false,"template":"","format":"standard","meta":{"footnotes":""},"categories":[4764,351,757,299,3549],"tags":[],"class_list":{"0":"post-47211","1":"post","2":"type-post","3":"status-publish","4":"format-standard","5":"has-post-thumbnail","7":"category-capa","8":"category-destaque","9":"category-home","10":"category-noticias","11":"category-news"},"aioseo_notices":[],"amp_enabled":true,"_links":{"self":[{"href":"https:\/\/dentalpress.com.br\/portal\/wp-json\/wp\/v2\/posts\/47211","targetHints":{"allow":["GET"]}}],"collection":[{"href":"https:\/\/dentalpress.com.br\/portal\/wp-json\/wp\/v2\/posts"}],"about":[{"href":"https:\/\/dentalpress.com.br\/portal\/wp-json\/wp\/v2\/types\/post"}],"author":[{"embeddable":true,"href":"https:\/\/dentalpress.com.br\/portal\/wp-json\/wp\/v2\/users\/7"}],"replies":[{"embeddable":true,"href":"https:\/\/dentalpress.com.br\/portal\/wp-json\/wp\/v2\/comments?post=47211"}],"version-history":[{"count":1,"href":"https:\/\/dentalpress.com.br\/portal\/wp-json\/wp\/v2\/posts\/47211\/revisions"}],"predecessor-version":[{"id":47213,"href":"https:\/\/dentalpress.com.br\/portal\/wp-json\/wp\/v2\/posts\/47211\/revisions\/47213"}],"wp:featuredmedia":[{"embeddable":true,"href":"https:\/\/dentalpress.com.br\/portal\/wp-json\/wp\/v2\/media\/47212"}],"wp:attachment":[{"href":"https:\/\/dentalpress.com.br\/portal\/wp-json\/wp\/v2\/media?parent=47211"}],"wp:term":[{"taxonomy":"category","embeddable":true,"href":"https:\/\/dentalpress.com.br\/portal\/wp-json\/wp\/v2\/categories?post=47211"},{"taxonomy":"post_tag","embeddable":true,"href":"https:\/\/dentalpress.com.br\/portal\/wp-json\/wp\/v2\/tags?post=47211"}],"curies":[{"name":"wp","href":"https:\/\/api.w.org\/{rel}","templated":true}]}}