{"id":47204,"date":"2025-08-19T13:21:07","date_gmt":"2025-08-19T13:21:07","guid":{"rendered":"https:\/\/dentalpress.com.br\/portal\/?p=47204"},"modified":"2025-08-19T13:21:07","modified_gmt":"2025-08-19T13:21:07","slug":"tribunal-mantem-aposentadoria-especial-de-dentista","status":"publish","type":"post","link":"https:\/\/dentalpress.com.br\/portal\/tribunal-mantem-aposentadoria-especial-de-dentista\/","title":{"rendered":"Tribunal mant\u00e9m aposentadoria especial de dentista"},"content":{"rendered":"<p data-start=\"89\" data-end=\"392\">A 9\u00aa Turma do <a href=\"https:\/\/www.trf1.jus.br\/trf1\/home\/\">Tribunal Regional Federal da 1\u00aa Regi\u00e3o<\/a> (TRF1) decidiu, por unanimidade, manter a senten\u00e7a que reconheceu o direito de uma cirurgi\u00e3-dentista \u00e0 aposentadoria especial. A decis\u00e3o levou em conta a exposi\u00e7\u00e3o da profissional a agentes biol\u00f3gicos nocivos durante o exerc\u00edcio de suas atividades.<\/p>\n<ul>\n<li data-start=\"394\" data-end=\"735\"><a href=\"https:\/\/dentalpress.com.br\/portal\/antipsicoticos-podem-causar-efeitos-adversos-na-saude-bucal\/\">Antipsic\u00f3ticos podem causar efeitos adversos na sa\u00fade bucal<\/a><\/li>\n<li data-start=\"394\" data-end=\"735\"><a href=\"https:\/\/dentalpress.com.br\/portal\/cursos\/\">Conhe\u00e7a os cursos dispon\u00edveis na Dental Press<\/a><\/li>\n<\/ul>\n<p data-start=\"394\" data-end=\"735\">De acordo com os autos, a dentista apresentou o Perfil Profissiogr\u00e1fico Previdenci\u00e1rio (PPP), documento que comprovou o exerc\u00edcio das fun\u00e7\u00f5es de cl\u00ednica geral, odontopediatria, ortodontia e ortopedia dos maxilares. Nessas \u00e1reas, a autora esteve em contato direto com materiais de desinfec\u00e7\u00e3o hospitalar e exposta a risco infectocontagioso.<\/p>\n<p data-start=\"737\" data-end=\"1025\">O relator do caso, desembargador federal Urbano Leal Berqu\u00f3 Neto, destacou que a caracteriza\u00e7\u00e3o do tempo de servi\u00e7o especial deve seguir a legisla\u00e7\u00e3o vigente \u00e0 \u00e9poca da execu\u00e7\u00e3o do trabalho. \u201cHouve a devida comprova\u00e7\u00e3o da exposi\u00e7\u00e3o da autora a agentes nocivos por meio de PPP\u201d, afirmou.<\/p>\n<p data-start=\"1027\" data-end=\"1372\" data-is-last-node=\"\" data-is-only-node=\"\">O magistrado tamb\u00e9m ressaltou que, para fins de aposentadoria especial, n\u00e3o \u00e9 necess\u00e1rio comprovar um tempo m\u00ednimo de exposi\u00e7\u00e3o durante a jornada de trabalho. \u201cExige-se a probabilidade da exposi\u00e7\u00e3o ocupacional, avaliando-se, de acordo com a profissiografia, o seu car\u00e1ter indissoci\u00e1vel da produ\u00e7\u00e3o do bem ou da presta\u00e7\u00e3o do servi\u00e7o\u201d, concluiu.<\/p>\n<p data-start=\"1027\" data-end=\"1372\" data-is-last-node=\"\" data-is-only-node=\"\"><strong>Sobre o processo<\/strong><br \/>\nO voto do relator foi acompanhado pelos demais magistrados da turma. Voc\u00ea pode conferir a decis\u00e3o na \u00edntegra, consultando o processo a partir da refer\u00eancia 1002222-11.2018.4.01.3400. O caso foi votado em mar\u00e7o deste ano e pode repercutir em casos semelhantes. Em suma, o tribunal concordou com a decis\u00e3o anterior, optando pela manuten\u00e7\u00e3o da aposentadoria especial.<\/p>\n","protected":false},"excerpt":{"rendered":"<p>A 9\u00aa Turma do Tribunal Regional Federal da 1\u00aa Regi\u00e3o (TRF1) decidiu, por unanimidade, manter a senten\u00e7a que reconheceu o direito de uma cirurgi\u00e3-dentista \u00e0 aposentadoria especial. A decis\u00e3o levou em conta a exposi\u00e7\u00e3o da profissional a agentes biol\u00f3gicos nocivos durante o exerc\u00edcio de suas atividades. Antipsic\u00f3ticos podem causar efeitos adversos na sa\u00fade bucal Conhe\u00e7a<\/p>\n","protected":false},"author":7,"featured_media":47205,"comment_status":"open","ping_status":"open","sticky":false,"template":"","format":"standard","meta":{"footnotes":""},"categories":[4764,351,757,299,3549],"tags":[],"class_list":{"0":"post-47204","1":"post","2":"type-post","3":"status-publish","4":"format-standard","5":"has-post-thumbnail","7":"category-capa","8":"category-destaque","9":"category-home","10":"category-noticias","11":"category-news"},"aioseo_notices":[],"amp_enabled":true,"_links":{"self":[{"href":"https:\/\/dentalpress.com.br\/portal\/wp-json\/wp\/v2\/posts\/47204","targetHints":{"allow":["GET"]}}],"collection":[{"href":"https:\/\/dentalpress.com.br\/portal\/wp-json\/wp\/v2\/posts"}],"about":[{"href":"https:\/\/dentalpress.com.br\/portal\/wp-json\/wp\/v2\/types\/post"}],"author":[{"embeddable":true,"href":"https:\/\/dentalpress.com.br\/portal\/wp-json\/wp\/v2\/users\/7"}],"replies":[{"embeddable":true,"href":"https:\/\/dentalpress.com.br\/portal\/wp-json\/wp\/v2\/comments?post=47204"}],"version-history":[{"count":1,"href":"https:\/\/dentalpress.com.br\/portal\/wp-json\/wp\/v2\/posts\/47204\/revisions"}],"predecessor-version":[{"id":47206,"href":"https:\/\/dentalpress.com.br\/portal\/wp-json\/wp\/v2\/posts\/47204\/revisions\/47206"}],"wp:featuredmedia":[{"embeddable":true,"href":"https:\/\/dentalpress.com.br\/portal\/wp-json\/wp\/v2\/media\/47205"}],"wp:attachment":[{"href":"https:\/\/dentalpress.com.br\/portal\/wp-json\/wp\/v2\/media?parent=47204"}],"wp:term":[{"taxonomy":"category","embeddable":true,"href":"https:\/\/dentalpress.com.br\/portal\/wp-json\/wp\/v2\/categories?post=47204"},{"taxonomy":"post_tag","embeddable":true,"href":"https:\/\/dentalpress.com.br\/portal\/wp-json\/wp\/v2\/tags?post=47204"}],"curies":[{"name":"wp","href":"https:\/\/api.w.org\/{rel}","templated":true}]}}