{"id":47202,"date":"2025-08-20T13:23:45","date_gmt":"2025-08-20T13:23:45","guid":{"rendered":"https:\/\/dentalpress.com.br\/portal\/?p=47202"},"modified":"2025-08-20T13:23:45","modified_gmt":"2025-08-20T13:23:45","slug":"especializacao-em-ortodontia-da-ufba-comemora-25-anos","status":"publish","type":"post","link":"https:\/\/dentalpress.com.br\/portal\/especializacao-em-ortodontia-da-ufba-comemora-25-anos\/","title":{"rendered":"Especializa\u00e7\u00e3o em Ortodontia da UFBA comemora 25 anos"},"content":{"rendered":"<p data-start=\"245\" data-end=\"652\">A <a href=\"https:\/\/repositorio.ufba.br\/\">Universidade Federal da Bahia<\/a> (UFBA) celebra, no pr\u00f3ximo dia 29 de agosto de 2025, as Bodas de Prata da Especializa\u00e7\u00e3o em Ortodontia, um marco de 25 anos de contribui\u00e7\u00e3o para a forma\u00e7\u00e3o de profissionais e o avan\u00e7o da pesquisa na \u00e1rea. O evento contar\u00e1 com uma programa\u00e7\u00e3o cient\u00edfica de destaque, reunindo professores renomados do Brasil e do exterior para debater temas atuais da ortodontia.<\/p>\n<ul>\n<li data-start=\"245\" data-end=\"652\"><a href=\"https:\/\/dentalpress.com.br\/portal\/fotogrametria-intraoral-sem-fio-revoluciona-a-odontologia-digital-com-aoralscan-elite-wireless\/\">Fotogrametria Intraoral sem fio revoluciona a Odontologia Digital com Aoralscan Elite Wireless<\/a><\/li>\n<li data-start=\"245\" data-end=\"652\"><a href=\"https:\/\/novo.dentalpresscursos.com.br\/especializacao-em-ortodontia\/?utm_source=link-direto-portal&amp;utm_medium=organico\">Conhe\u00e7a o curso de especializa\u00e7\u00e3o em Ortodontia Dental Press<\/a><\/li>\n<\/ul>\n<p data-start=\"654\" data-end=\"1025\">&#8220;Em 2025, a Ortodontia UFBA comemora 25 anos de atividade do Curso de Especializa\u00e7\u00e3o. Neste per\u00edodo, contribu\u00edmos com publica\u00e7\u00e3o de pesquisas relevantes, prestamos um servi\u00e7o de sa\u00fade sofisticado para a comunidade e formamos profissionais de ponta, que hoje est\u00e3o dignificando a especialidade e o nome da UFBA na Bahia, no Brasil e tamb\u00e9m no exterior&#8221;, ressaltou Prof. Emanuel Braga, coordenador da OrtoUFBA.<\/p>\n<p data-start=\"654\" data-end=\"1025\">A manh\u00e3 ser\u00e1 dedicada a palestras que contemplam desde a forma\u00e7\u00e3o acad\u00eamica at\u00e9 as novas tecnologias dispon\u00edveis para a pr\u00e1tica cl\u00ednica. O Prof. Dr. Luiz Guilherme Pinheiro Soares abrir\u00e1 a programa\u00e7\u00e3o \u00e0s 9h, com a confer\u00eancia <em data-start=\"884\" data-end=\"940\">\u201cORTO-UFBA: Especializa\u00e7\u00e3o com evid\u00eancias cient\u00edficas\u201d<\/em>, resgatando a import\u00e2ncia do curso e sua evolu\u00e7\u00e3o ao longo de um quarto de s\u00e9culo.<\/p>\n<p data-start=\"1027\" data-end=\"1544\">Na sequ\u00eancia, a Profa. Dra. Luciana Caldas abordar\u00e1 os <em data-start=\"1086\" data-end=\"1141\">\u201cAspectos posturol\u00f3gicos relacionados \u00e0s maloclus\u00f5es\u201d<\/em>, seguida pela Profa. Dra. Ana Carla Nascimento, que trar\u00e1 contribui\u00e7\u00f5es sobre <em data-start=\"1224\" data-end=\"1282\">\u201cDTM para ortodontistas: o essencial na pr\u00e1tica cl\u00ednica\u201d<\/em>. Ainda no per\u00edodo da manh\u00e3, o Prof. Dario Lopes Neto discutir\u00e1 <em data-start=\"1350\" data-end=\"1415\">\u201cConsidera\u00e7\u00f5es cl\u00ednicas sobre o uso de alinhadores em crian\u00e7as\u201d<\/em>, e o Prof. Valmir Dall\u2019Orto J\u00fanior fechar\u00e1 o ciclo com a palestra <em data-start=\"1486\" data-end=\"1541\">\u201cOrtodontia no Brasil: da p\u00f3s ao mercado de trabalho\u201d<\/em>.<\/p>\n<p data-start=\"1546\" data-end=\"2026\">No per\u00edodo da tarde, a programa\u00e7\u00e3o ter\u00e1 um momento especial: o curso do Prof. Dr. Laurindo Furquim, fundador da Dental Press, uma das mais respeitadas editoras cient\u00edficas da odontologia na Am\u00e9rica Latina. Com vasta experi\u00eancia e reconhecimento internacional, o professor ministrar\u00e1 o tema <em data-start=\"1844\" data-end=\"1916\">\u201cAgenesia de incisivos laterais superiores: diagn\u00f3stico na hora certa\u201d<\/em>, entre 14h e 16h30, refor\u00e7ando a import\u00e2ncia do diagn\u00f3stico precoce e do manejo adequado dessas altera\u00e7\u00f5es.<\/p>\n<p data-start=\"118\" data-end=\"157\"><em>Confira a programa\u00e7\u00e3o cient\u00edfica na \u00edntegra<\/em><\/p>\n<ul>\n<li data-start=\"172\" data-end=\"281\"><strong data-start=\"172\" data-end=\"228\">ORTO-UFBA: ESPECIALIZA\u00c7\u00c3O COM EVID\u00caNCIAS CIENT\u00cdFICAS<\/strong><br data-start=\"228\" data-end=\"231\" \/>Prof. Dr. Luiz Guilherme Pinheiro Soares<\/li>\n<li data-start=\"172\" data-end=\"281\"><strong data-start=\"283\" data-end=\"338\">ASPECTOS POSTUR\u00d3LOGICOS RELACIONADOS \u00c0S MALOCLUS\u00d5ES<\/strong><br data-start=\"338\" data-end=\"341\" \/>Profa. Dra. Luciana Caldas<\/li>\n<li data-start=\"172\" data-end=\"281\"><strong data-start=\"379\" data-end=\"437\">DTM PARA ORTODONTISTAS: O ESSENCIAL NA PR\u00c1TICA CL\u00cdNICA<\/strong><br data-start=\"437\" data-end=\"440\" \/>Profa. Dra. Ana Carla Nascimento<\/li>\n<li data-start=\"172\" data-end=\"281\"><strong data-start=\"484\" data-end=\"549\">CONSIDERA\u00c7\u00d5ES CL\u00cdNICAS SOBRE O USO DE ALINHADORES EM CRIAN\u00c7AS<\/strong><br data-start=\"549\" data-end=\"552\" \/>Prof. Dario Lopes Neto<\/li>\n<li data-start=\"172\" data-end=\"281\"><strong data-start=\"586\" data-end=\"641\">ORTODONTIA NO BRASIL: DA P\u00d3S AO MERCADO DE TRABALHO<\/strong><br data-start=\"641\" data-end=\"644\" \/>Prof. Valmir Dall\u2019Orto J\u00fanior<\/li>\n<li data-start=\"172\" data-end=\"281\"><strong data-start=\"710\" data-end=\"782\">AGENESIA DE INCISIVOS LATERAIS SUPERIORES: DIAGN\u00d3STICO NA HORA CERTA<\/strong><br data-start=\"782\" data-end=\"785\" \/>Prof. Dr. Laurindo Furquim<\/li>\n<\/ul>\n<p data-start=\"2490\" data-end=\"2758\">&#8220;A grade cient\u00edfica do evento conta com a participa\u00e7\u00e3o de ex-alunos do programa e a participa\u00e7\u00e3o em um curso especial do querido Prof. Dr. Laurindo Furquim. Ser\u00e3o todos muito bem-vindos&#8221;, explicou Dr\u00aa Telma Martins de Ara\u00fajo, uma das respons\u00e1veis pela grade do evento.<\/p>\n<p data-start=\"2490\" data-end=\"2758\">O curso de Especializa\u00e7\u00e3o em Ortodontia da UFBA \u00e9 considerado um dos mais respeitados do Brasil. Existem apenas dois Cursos de Especializa\u00e7\u00e3o em Ortodontia que s\u00e3o em regime integral, este, e o da UERJ.<\/p>\n<p data-start=\"2490\" data-end=\"2758\">Com a presen\u00e7a de nomes de peso da ortodontia e uma programa\u00e7\u00e3o voltada para temas de grande relev\u00e2ncia, o evento promete ser um marco n\u00e3o apenas comemorativo, mas tamb\u00e9m cient\u00edfico, reafirmando o papel da UFBA como refer\u00eancia nacional na forma\u00e7\u00e3o em ortodontia.<\/p>\n","protected":false},"excerpt":{"rendered":"<p>A Universidade Federal da Bahia (UFBA) celebra, no pr\u00f3ximo dia 29 de agosto de 2025, as Bodas de Prata da Especializa\u00e7\u00e3o em Ortodontia, um marco de 25 anos de contribui\u00e7\u00e3o para a forma\u00e7\u00e3o de profissionais e o avan\u00e7o da pesquisa na \u00e1rea. O evento contar\u00e1 com uma programa\u00e7\u00e3o cient\u00edfica de destaque, reunindo professores renomados do<\/p>\n","protected":false},"author":7,"featured_media":47208,"comment_status":"open","ping_status":"open","sticky":false,"template":"","format":"standard","meta":{"footnotes":""},"categories":[4764,351,757,1,299,3549],"tags":[],"class_list":{"0":"post-47202","1":"post","2":"type-post","3":"status-publish","4":"format-standard","5":"has-post-thumbnail","7":"category-capa","8":"category-destaque","9":"category-home","10":"category-nao-categorizado","11":"category-noticias","12":"category-news"},"aioseo_notices":[],"amp_enabled":true,"_links":{"self":[{"href":"https:\/\/dentalpress.com.br\/portal\/wp-json\/wp\/v2\/posts\/47202","targetHints":{"allow":["GET"]}}],"collection":[{"href":"https:\/\/dentalpress.com.br\/portal\/wp-json\/wp\/v2\/posts"}],"about":[{"href":"https:\/\/dentalpress.com.br\/portal\/wp-json\/wp\/v2\/types\/post"}],"author":[{"embeddable":true,"href":"https:\/\/dentalpress.com.br\/portal\/wp-json\/wp\/v2\/users\/7"}],"replies":[{"embeddable":true,"href":"https:\/\/dentalpress.com.br\/portal\/wp-json\/wp\/v2\/comments?post=47202"}],"version-history":[{"count":2,"href":"https:\/\/dentalpress.com.br\/portal\/wp-json\/wp\/v2\/posts\/47202\/revisions"}],"predecessor-version":[{"id":47209,"href":"https:\/\/dentalpress.com.br\/portal\/wp-json\/wp\/v2\/posts\/47202\/revisions\/47209"}],"wp:featuredmedia":[{"embeddable":true,"href":"https:\/\/dentalpress.com.br\/portal\/wp-json\/wp\/v2\/media\/47208"}],"wp:attachment":[{"href":"https:\/\/dentalpress.com.br\/portal\/wp-json\/wp\/v2\/media?parent=47202"}],"wp:term":[{"taxonomy":"category","embeddable":true,"href":"https:\/\/dentalpress.com.br\/portal\/wp-json\/wp\/v2\/categories?post=47202"},{"taxonomy":"post_tag","embeddable":true,"href":"https:\/\/dentalpress.com.br\/portal\/wp-json\/wp\/v2\/tags?post=47202"}],"curies":[{"name":"wp","href":"https:\/\/api.w.org\/{rel}","templated":true}]}}