{"id":47118,"date":"2025-07-14T14:18:07","date_gmt":"2025-07-14T14:18:07","guid":{"rendered":"https:\/\/dentalpress.com.br\/portal\/?p=47118"},"modified":"2025-07-14T14:18:07","modified_gmt":"2025-07-14T14:18:07","slug":"alberto-consolaro-o-enigma-do-dente-escurecido","status":"publish","type":"post","link":"https:\/\/dentalpress.com.br\/portal\/alberto-consolaro-o-enigma-do-dente-escurecido\/","title":{"rendered":"Alberto Consolaro: O enigma do dente escurecido"},"content":{"rendered":"<p dir=\"ltr\"><em>Por: Alberto Consolaro<\/em><\/p>\n<p class=\"selectable-text copyable-text x15bjb6t x1n2onr6\" dir=\"ltr\"><span class=\"selectable-text copyable-text false\">Um dente \u201ch\u00edgido\u201d pode ficar escurecido e isto \u00e9 frequente em v\u00eddeos, reportagens, entrevistas e ao conversar com as pessoas. Algumas nem ligam e convivem com isto, como fosse seu destino.<\/span><\/p>\n<p class=\"selectable-text copyable-text x15bjb6t x1n2onr6\" dir=\"ltr\"><span class=\"selectable-text copyable-text false\">Um dente escurecido significa que o dente sofreu um traumatismo de intensidade que varia de muito leve at\u00e9 mais grave. O traumatismo lesou a polpa induzindo: 1\u00ba) o fechamento do canal com dentina irregular ou 2\u00ba) rompeu seu vaso principal no \u00e1pice da raiz induzindo sua morte ou necrose por falta de sangue. Dente escurecido tem polpa lesada ou necrosada no interior e precisa de tratamento.<\/span><\/p>\n<p class=\"selectable-text copyable-text x15bjb6t x1n2onr6\" dir=\"ltr\"><span class=\"selectable-text copyable-text false\">A dentina irregular, depositada pela polpa lesada, fecha o canal e se chama displ\u00e1sica por ser malfeita e desorganizada, dando uma tonalidade mais escura ao dente. Este processo se chama Metamorfose ou Metaplasia C\u00e1lcica da Polpa.<\/span><\/p>\n<p class=\"selectable-text copyable-text x15bjb6t x1n2onr6\" dir=\"ltr\"><span class=\"selectable-text copyable-text false\">Quando o traumatismo rompe o vaso principal da polpa, a necrose tecidual gera pigmentos escuros decorrentes da prote\u00f3lise de seus componentes e derivados do sangue. A polpa vai ficando como uma folha seca, sem \u00e1gua e coagulada. Como n\u00e3o tem mais sangue e nem contamina\u00e7\u00e3o bacteriana, que levaria a uma digest\u00e3o inflamat\u00f3ria de seus componentes, estes pigmentos se aderem \u00e0 dentina e a escurece. Este tipo de morte da polpa \u00e9 conhecido como Necrose Pulpar Ass\u00e9ptica.<\/span><\/p>\n<p class=\"selectable-text copyable-text x15bjb6t x1n2onr6\" dir=\"ltr\"><span class=\"selectable-text copyable-text false\">Ambas, a Metaplasia C\u00e1lcica da Polpa e a Necrose Pulpar Ass\u00e9ptica, s\u00f3 tem uma causa que \u00e9 o traumatismo dent\u00e1rio. A maioria dos pacientes n\u00e3o se lembra das batidas de m\u00e3os, bra\u00e7os, trombadas e bolas na pr\u00e1tica do esporte, da batida de brinquedos nos dentes como pranchas e patinetes, das garrafas e latas abertas com os dentes, dos instrumentos musicais e microfones que batem na boca, das intuba\u00e7\u00f5es anest\u00e9sicas e nem se recorda das brigas e lutas.<\/span><\/p>\n<p class=\"selectable-text copyable-text x15bjb6t x1n2onr6\" dir=\"ltr\"><span class=\"selectable-text copyable-text false\"><strong>O que fazer<\/strong><br \/>\n<\/span><span class=\"selectable-text copyable-text false\">O traumatismo dent\u00e1rio mais trai\u00e7oeiro \u00e9 a concuss\u00e3o, que s\u00e3o aquelas batidas que levam, no m\u00e1ximo, a uma pequena sensibilidade de poucas horas, sem deslocar ou luxar o dente, voltando rapidamente ao \u201cnormal\u201d. Mas a concuss\u00e3o, \u00e9 suficiente para gerar les\u00f5es pulpares parciais ou totais descritas e, ainda pode gerar outras consequ\u00eancias como: trincas do esmalte, anquilose e reabsor\u00e7\u00f5es por substitui\u00e7\u00e3o, reabsor\u00e7\u00e3o interna e reabsor\u00e7\u00e3o cervical externa.<\/span><\/p>\n<p class=\"selectable-text copyable-text x15bjb6t x1n2onr6\" dir=\"ltr\"><span class=\"selectable-text copyable-text false\">Pode se deixar quieto, n\u00e3o fazer nada, se a cor escura n\u00e3o incomodar? N\u00e3o, n\u00e3o pode, pois depois de um ano, em m\u00e9dia, as bact\u00e9rias que correm no sangue no dia a dia, mesmo que por alguns segundos, podem passar pelo dente e se esconderem dentro deste canal alterado. A\u00ed vai ter inflama\u00e7\u00e3o na regi\u00e3o do \u00e1pice radicular, formar pus e at\u00e9 f\u00edstula pelo abscesso, ou pode at\u00e9 formar cisto periodontal apical na \u00e1rea.<\/span><\/p>\n<p class=\"selectable-text copyable-text x15bjb6t x1n2onr6\" dir=\"ltr\"><span class=\"selectable-text copyable-text false\">O ideal \u00e9 tratamento endod\u00f4ntico para os dentes escurecidos, fechando o canal e impedindo a coloniza\u00e7\u00e3o por bact\u00e9rias hematog\u00eanicas. Quanto a cor, pode se providenciar um clareamento externo bem conduzido com resultados interessantes. Colocar lentes de contato pode transparecer a cor escura do dente e n\u00e3o ficar bom, mas as jaquetas mais espessas podem gerar bons resultados. Procure seu cirurgi\u00e3o-dentista de confian\u00e7a e converse sobre qual seria a melhor op\u00e7\u00e3o, mas antes ele vai solicitar uma radiografia periapical e tomografia da \u00e1rea.<\/span><\/p>\n<p class=\"selectable-text copyable-text x15bjb6t x1n2onr6\" dir=\"ltr\"><span class=\"selectable-text copyable-text false\">Tem outros formas que dentes escurecem, mas n\u00e3o s\u00e3o dentes h\u00edgidos, s\u00e3o aqueles cariados, restaurados ou ainda com tratamentos endod\u00f4nticos mais antigos. Nestes casos, o diagn\u00f3stico e tratamento s\u00e3o muito espec\u00edficos para cada caso.<\/span><\/p>\n<p class=\"selectable-text copyable-text x15bjb6t x1n2onr6\" dir=\"ltr\"><strong><span class=\"selectable-text copyable-text false\">Reflex\u00e3o final<br \/>\n<\/span><\/strong><span class=\"selectable-text copyable-text false\">Dente escurecido revela que sofreu traumatismo dent\u00e1rio e houve severa les\u00e3o pulpar que requer diagn\u00f3stico e tratamento, apesar de assintom\u00e1tica. Se deixar assim, cedo ou tarde, o organismo vai reagir para se livrar destes tecidos alterados. \u00c9 importante lembrar que o tratamento ortod\u00f4ntico, o trauma oclusal e o clareamento dent\u00e1rio, n\u00e3o provocam este tipo de doen\u00e7a na polpa e, quando apontados como causa, isto s\u00f3 serve para complicar a resolu\u00e7\u00e3o do \u201cenigma\u201d do dente escurecido.<\/span><\/p>\n","protected":false},"excerpt":{"rendered":"<p>Por: Alberto Consolaro Um dente \u201ch\u00edgido\u201d pode ficar escurecido e isto \u00e9 frequente em v\u00eddeos, reportagens, entrevistas e ao conversar com as pessoas. Algumas nem ligam e convivem com isto, como fosse seu destino. Um dente escurecido significa que o dente sofreu um traumatismo de intensidade que varia de muito leve at\u00e9 mais grave. O<\/p>\n","protected":false},"author":7,"featured_media":47119,"comment_status":"open","ping_status":"open","sticky":false,"template":"","format":"standard","meta":{"footnotes":""},"categories":[4764,1917,1660,351,757,299,3549],"tags":[],"class_list":{"0":"post-47118","1":"post","2":"type-post","3":"status-publish","4":"format-standard","5":"has-post-thumbnail","7":"category-capa","8":"category-alberto-consolaro","9":"category-colunistas","10":"category-destaque","11":"category-home","12":"category-noticias","13":"category-news"},"aioseo_notices":[],"amp_enabled":true,"_links":{"self":[{"href":"https:\/\/dentalpress.com.br\/portal\/wp-json\/wp\/v2\/posts\/47118","targetHints":{"allow":["GET"]}}],"collection":[{"href":"https:\/\/dentalpress.com.br\/portal\/wp-json\/wp\/v2\/posts"}],"about":[{"href":"https:\/\/dentalpress.com.br\/portal\/wp-json\/wp\/v2\/types\/post"}],"author":[{"embeddable":true,"href":"https:\/\/dentalpress.com.br\/portal\/wp-json\/wp\/v2\/users\/7"}],"replies":[{"embeddable":true,"href":"https:\/\/dentalpress.com.br\/portal\/wp-json\/wp\/v2\/comments?post=47118"}],"version-history":[{"count":1,"href":"https:\/\/dentalpress.com.br\/portal\/wp-json\/wp\/v2\/posts\/47118\/revisions"}],"predecessor-version":[{"id":47120,"href":"https:\/\/dentalpress.com.br\/portal\/wp-json\/wp\/v2\/posts\/47118\/revisions\/47120"}],"wp:featuredmedia":[{"embeddable":true,"href":"https:\/\/dentalpress.com.br\/portal\/wp-json\/wp\/v2\/media\/47119"}],"wp:attachment":[{"href":"https:\/\/dentalpress.com.br\/portal\/wp-json\/wp\/v2\/media?parent=47118"}],"wp:term":[{"taxonomy":"category","embeddable":true,"href":"https:\/\/dentalpress.com.br\/portal\/wp-json\/wp\/v2\/categories?post=47118"},{"taxonomy":"post_tag","embeddable":true,"href":"https:\/\/dentalpress.com.br\/portal\/wp-json\/wp\/v2\/tags?post=47118"}],"curies":[{"name":"wp","href":"https:\/\/api.w.org\/{rel}","templated":true}]}}