{"id":45029,"date":"2024-03-04T21:13:34","date_gmt":"2024-03-04T21:13:34","guid":{"rendered":"https:\/\/dentalpress.com.br\/portal\/?p=45029"},"modified":"2024-03-04T21:18:56","modified_gmt":"2024-03-04T21:18:56","slug":"aumento-da-coroa-clinica-e-restauracoes-em-resina-composta-um-caso-de-sucesso-em-odontologia-estetica","status":"publish","type":"post","link":"https:\/\/dentalpress.com.br\/portal\/aumento-da-coroa-clinica-e-restauracoes-em-resina-composta-um-caso-de-sucesso-em-odontologia-estetica\/","title":{"rendered":"Aumento da Coroa Cl\u00ednica e Restaura\u00e7\u00f5es em Resina Composta: Um Caso de Sucesso em Odontologia Est\u00e9tica"},"content":{"rendered":"<p>Materia publicada na Revista Est\u00e9tica (JCDR 2023 v20n3)<\/p>\n<p>Autores : <strong>Michelle Pereira Costa Mundim SOARES,<\/strong>\u00a0<strong>Rodrigo Silveira Tosta FIGUEIREDO<\/strong>, <strong>Marli Daniela de ANDRADE<\/strong>, <strong>Paulo Vin\u00edcius SOARES<\/strong><\/p>\n<p><strong>Introdu\u00e7\u00e3o:<\/strong> O <a href=\"https:\/\/dentalpress.com.br\/portal\/imersao-em-correcao-de-sorriso-gengival\/\">sorriso<\/a> \u00e9 uma parte essencial da express\u00e3o humana, e a est\u00e9tica dent\u00e1ria desempenha um papel significativo na autoconfian\u00e7a e na intera\u00e7\u00e3o social dos indiv\u00edduos. Neste contexto, procedimentos odontol\u00f3gicos que visam melhorar a est\u00e9tica do sorriso t\u00eam ganhado destaque, oferecendo solu\u00e7\u00f5es inovadoras para casos complexos.<\/p>\n<p><strong>Vis\u00e3o Geral do Caso:<\/strong> O relato de caso que apresentamos destaca uma abordagem integrada e bem-sucedida para um paciente do sexo masculino que buscava melhorar a est\u00e9tica do seu sorriso. O paciente apresentava <a href=\"https:\/\/dentalpress.com.br\/portal\/curso-de-aperfeicoamento-em-cirurgia-de-dentes-retidos\/\">dentes<\/a> curtos e sorriso gengival, preocupa\u00e7\u00f5es que foram abordadas por meio de um planejamento cuidadoso e t\u00e9cnicas avan\u00e7adas de odontologia est\u00e9tica.<\/p>\n<p><img fetchpriority=\"high\" decoding=\"async\" class=\"wp-image-45033 size-medium alignleft\" src=\"https:\/\/dentalpress.com.br\/portal\/wp-content\/uploads\/2024\/03\/Captura-de-tela-de-2024-03-04-18-10-16-300x296.png\" alt=\"\" width=\"300\" height=\"296\" srcset=\"\/wp-content\/uploads\/2024\/03\/Captura-de-tela-de-2024-03-04-18-10-16-300x296.png 300w, \/wp-content\/uploads\/2024\/03\/Captura-de-tela-de-2024-03-04-18-10-16-150x148.png 150w, \/wp-content\/uploads\/2024\/03\/Captura-de-tela-de-2024-03-04-18-10-16-450x444.png 450w, \/wp-content\/uploads\/2024\/03\/Captura-de-tela-de-2024-03-04-18-10-16.png 763w\" sizes=\"(max-width: 300px) 100vw, 300px\" \/><\/p>\n<p><strong>Procedimento Realizado:<\/strong> Ap\u00f3s uma an\u00e1lise minuciosa, optou-se inicialmente pelo aumento est\u00e9tico da coroa cl\u00ednica, possibilitando uma exposi\u00e7\u00e3o maior da estrutura dental e corrigindo as imperfei\u00e7\u00f5es do sorriso. Utilizando uma combina\u00e7\u00e3o de tecnologias modernas, como tomografia e <a href=\"https:\/\/dentalpress.com.br\/portal\/como-inserir-lasers-de-baixa-e-alta-potencia-na-rotina-clinica\/\">laser<\/a> de alta pot\u00eancia, foi realizada uma gengivoplastia para remover o tecido gengival excessivo e revelar o esmalte subjacente.<\/p>\n<p><strong>Resultados e Follow-up:<\/strong> Ap\u00f3s a fase inicial do procedimento, o paciente iniciou um protocolo de clareamento dental seguido pelo tratamento restaurador com facetas de <a href=\"https:\/\/dentalpress.com.br\/portal\/imersao-em-resina-compostas\/\">resina<\/a> composta. Ap\u00f3s 12 meses, as restaura\u00e7\u00f5es demonstraram estabilidade de cor e forma, evidenciando a efic\u00e1cia e longevidade do tratamento.<\/p>\n<p><img decoding=\"async\" class=\"alignright wp-image-45031 size-medium\" src=\"https:\/\/dentalpress.com.br\/portal\/wp-content\/uploads\/2024\/03\/Captura-de-tela-de-2024-03-04-18-04-06-300x291.png\" alt=\"\" width=\"300\" height=\"291\" srcset=\"\/wp-content\/uploads\/2024\/03\/Captura-de-tela-de-2024-03-04-18-04-06-300x291.png 300w, \/wp-content\/uploads\/2024\/03\/Captura-de-tela-de-2024-03-04-18-04-06-150x146.png 150w, \/wp-content\/uploads\/2024\/03\/Captura-de-tela-de-2024-03-04-18-04-06-450x437.png 450w, \/wp-content\/uploads\/2024\/03\/Captura-de-tela-de-2024-03-04-18-04-06.png 604w\" sizes=\"(max-width: 300px) 100vw, 300px\" \/><\/p>\n<p><strong>Considera\u00e7\u00f5es Finais:<\/strong> Este caso exemplifica a import\u00e2ncia de uma abordagem integrada e personalizada na odontologia est\u00e9tica, considerando n\u00e3o apenas as preocupa\u00e7\u00f5es est\u00e9ticas imediatas, mas tamb\u00e9m os h\u00e1bitos e condi\u00e7\u00f5es individuais do paciente. Al\u00e9m disso, destaca a relev\u00e2ncia do acompanhamento p\u00f3s-tratamento para garantir resultados duradouros e satisfat\u00f3rios.<\/p>\n<p><strong>Conclus\u00e3o:<\/strong> Em suma, o presente relato oferece insights valiosos para cirurgi\u00f5es-dentistas interessados em aprimorar suas habilidades em odontologia est\u00e9tica, demonstrando que uma combina\u00e7\u00e3o de t\u00e9cnicas precisas e materiais avan\u00e7ados pode levar a resultados est\u00e9ticos excepcionais e a satisfa\u00e7\u00e3o tanto do paciente quanto da equipe cl\u00ednica.<\/p>\n<p>Espero que esta mat\u00e9ria capture os aspectos essenciais do artigo e seja informativa e envolvente para os leitores do seu portal odontol\u00f3gico! Se precisar de mais alguma coisa, estou \u00e0 disposi\u00e7\u00e3o.<\/p>\n","protected":false},"excerpt":{"rendered":"<p>Materia publicada na Revista Est\u00e9tica (JCDR 2023 v20n3) Autores : Michelle Pereira Costa Mundim SOARES,\u00a0Rodrigo Silveira Tosta FIGUEIREDO, Marli Daniela de ANDRADE, Paulo Vin\u00edcius SOARES Introdu\u00e7\u00e3o: O sorriso \u00e9 uma parte essencial da express\u00e3o humana, e a est\u00e9tica dent\u00e1ria desempenha um papel significativo na autoconfian\u00e7a e na intera\u00e7\u00e3o social dos indiv\u00edduos. Neste contexto, procedimentos odontol\u00f3gicos<\/p>\n","protected":false},"author":5,"featured_media":45034,"comment_status":"open","ping_status":"open","sticky":false,"template":"","format":"standard","meta":{"footnotes":""},"categories":[4764,299,3549,1300,3563],"tags":[419,1539,2002,912,3117],"class_list":{"0":"post-45029","1":"post","2":"type-post","3":"status-publish","4":"format-standard","5":"has-post-thumbnail","7":"category-capa","8":"category-noticias","9":"category-news","10":"category-noticias-da-dental-press","11":"category-noticiasdp","12":"tag-estetica","13":"tag-estetica-dental","14":"tag-estetica-do-sorriso","15":"tag-gengivoplastia","16":"tag-revista-de-estetica"},"aioseo_notices":[],"amp_enabled":true,"_links":{"self":[{"href":"https:\/\/dentalpress.com.br\/portal\/wp-json\/wp\/v2\/posts\/45029","targetHints":{"allow":["GET"]}}],"collection":[{"href":"https:\/\/dentalpress.com.br\/portal\/wp-json\/wp\/v2\/posts"}],"about":[{"href":"https:\/\/dentalpress.com.br\/portal\/wp-json\/wp\/v2\/types\/post"}],"author":[{"embeddable":true,"href":"https:\/\/dentalpress.com.br\/portal\/wp-json\/wp\/v2\/users\/5"}],"replies":[{"embeddable":true,"href":"https:\/\/dentalpress.com.br\/portal\/wp-json\/wp\/v2\/comments?post=45029"}],"version-history":[{"count":1,"href":"https:\/\/dentalpress.com.br\/portal\/wp-json\/wp\/v2\/posts\/45029\/revisions"}],"predecessor-version":[{"id":45035,"href":"https:\/\/dentalpress.com.br\/portal\/wp-json\/wp\/v2\/posts\/45029\/revisions\/45035"}],"wp:featuredmedia":[{"embeddable":true,"href":"https:\/\/dentalpress.com.br\/portal\/wp-json\/wp\/v2\/media\/45034"}],"wp:attachment":[{"href":"https:\/\/dentalpress.com.br\/portal\/wp-json\/wp\/v2\/media?parent=45029"}],"wp:term":[{"taxonomy":"category","embeddable":true,"href":"https:\/\/dentalpress.com.br\/portal\/wp-json\/wp\/v2\/categories?post=45029"},{"taxonomy":"post_tag","embeddable":true,"href":"https:\/\/dentalpress.com.br\/portal\/wp-json\/wp\/v2\/tags?post=45029"}],"curies":[{"name":"wp","href":"https:\/\/api.w.org\/{rel}","templated":true}]}}