{"id":44068,"date":"2023-10-20T14:28:45","date_gmt":"2023-10-20T14:28:45","guid":{"rendered":"https:\/\/dentalpress.com.br\/portal\/?p=44068"},"modified":"2023-10-20T14:28:45","modified_gmt":"2023-10-20T14:28:45","slug":"curso-de-aperfeicoamento-em-estetica-vermelha-e-branca","status":"publish","type":"post","link":"https:\/\/dentalpress.com.br\/portal\/curso-de-aperfeicoamento-em-estetica-vermelha-e-branca\/","title":{"rendered":"Curso de Aperfei\u00e7oamento em Estet\u00edca Vermelha e Branca"},"content":{"rendered":"<p>Voc\u00ea j\u00e1 imaginou transformar sua paix\u00e3o por est\u00e9tica em uma <a href=\"https:\/\/dentalpress.com.br\/portal\/especializacao-em-implantodontia-transforme-sua-carreira-com-precisao-e-seguranca\/\">carreira<\/a> emocionante? Se voc\u00ea \u00e9 apaixonado pelos tons audaciosos e elegantes do vermelho e do branco, nosso <strong><a href=\"https:\/\/dentalpress.com.br\/portal\/como-inserir-lasers-de-baixa-e-alta-potencia-na-rotina-clinica\/\">Curso<\/a> de <a href=\"https:\/\/dentalpress.com.br\/portal\/curso-de-aperfeicoamento-em-cirurgia-de-dentes-retidos\/\">Aperfei\u00e7oamento<\/a> em Est\u00e9tica Vermelha e Branca<\/strong> \u00e9 feito sob medida para voc\u00ea! Prepare-se para mergulhar no fascinante mundo da est\u00e9tica, explorando t\u00e9cnicas inovadoras que transformam o vermelho e o branco em obras-primas est\u00e9ticas.<\/p>\n<hr \/>\n<p><strong>Por Que Escolher Estudar Est\u00e9tica Vermelha e Branca Conosco?<\/strong><\/p>\n<ol>\n<li><strong>Experi\u00eancia Pr\u00e1tica e Te\u00f3rica:<\/strong> Oferecemos uma combina\u00e7\u00e3o \u00fanica de conhecimento te\u00f3rico s\u00f3lido e experi\u00eancia pr\u00e1tica, permitindo que voc\u00ea compreenda a ci\u00eancia por tr\u00e1s das cores enquanto desenvolve habilidades pr\u00e1ticas.<\/li>\n<li><strong>Instrutores Especializados:<\/strong> Nossos instrutores s\u00e3o especialistas em est\u00e9tica, trazendo anos de experi\u00eancia e paix\u00e3o pelo vermelho e pelo branco. Eles est\u00e3o aqui para orient\u00e1-lo em cada passo do caminho.<\/li>\n<li><strong>T\u00e9cnicas Avan\u00e7adas de Aplica\u00e7\u00e3o:<\/strong> Explore t\u00e9cnicas avan\u00e7adas de maquiagem, design de unhas, cuidados com a pele e cabelo, tudo adaptado para os tons vibrantes do vermelho e do branco.<\/li>\n<li><strong>Certifica\u00e7\u00e3o Valorizada:<\/strong> Ao concluir com sucesso o curso, voc\u00ea receber\u00e1 uma certifica\u00e7\u00e3o reconhecida, abrindo portas para oportunidades emocionantes no mercado de est\u00e9tica.<\/li>\n<li><strong>Comunidade Engajada:<\/strong> Junte-se a uma comunidade de estudantes e profissionais apaixonados pela est\u00e9tica vermelha e branca. Troque ideias, aprenda com os outros e cres\u00e7a em conjunto.<\/li>\n<\/ol>\n<hr \/>\n<p><strong>O Que Voc\u00ea Vai Aprender?<\/strong><\/p>\n<ul>\n<li><strong>Psicologia das Cores:<\/strong> Entenda como o vermelho e o branco afetam as emo\u00e7\u00f5es e o comportamento humano, permitindo que voc\u00ea crie experi\u00eancias est\u00e9ticas \u00fanicas para seus clientes.<\/li>\n<li><strong>T\u00e9cnicas de Maquiagem:<\/strong> Domine t\u00e9cnicas de maquiagem que destacam a beleza natural usando tons vermelhos e brancos, desde looks suaves at\u00e9 visuais audaciosos.<\/li>\n<li><strong>Design de Unhas Criativo:<\/strong> Explore designs de unhas exclusivos e elegantes que incorporam o vermelho e o branco, elevando o padr\u00e3o da arte de unhas.<\/li>\n<li><strong>Cuidados com a Pele e Cabelo:<\/strong> Aprenda pr\u00e1ticas avan\u00e7adas de cuidados com a pele e cabelo usando produtos espec\u00edficos para real\u00e7ar a vitalidade das cores vermelha e branca.<\/li>\n<\/ul>\n<hr \/>\n<p><strong>Inscreva-se Agora para Transformar sua Paix\u00e3o em Profiss\u00e3o!<\/strong><\/p>\n<p>N\u00e3o espere mais para iniciar sua jornada emocionante no mundo da est\u00e9tica vermelha e branca. Se voc\u00ea deseja se destacar como um especialista altamente qualificado e criar uma carreira significativa no setor de beleza, este curso \u00e9 a chave para o seu sucesso.<\/p>\n<p>Inscreva-se agora e descubra como transformar sua paix\u00e3o pela est\u00e9tica em uma carreira brilhante e colorida. Estamos aqui para gui\u00e1-lo em cada pincelada, cada aplica\u00e7\u00e3o e cada passo do caminho. Transforme sua paix\u00e3o em profiss\u00e3o &#8211; comece sua jornada conosco hoje!<\/p>\n<p><a href=\"https:\/\/novo.dentalpresscursos.com.br\/aperfeicoamento-em-estetica-vermelha-e-branca\/\">* Acesse a pagina do curso clique neste link<\/a><\/p>\n<p><a href=\"https:\/\/dentalpress.com.br\/portal\/revista-de-estetica-ja-pode-ser-consulta\/\">* Leia tamb\u00e9m: Revista de Est\u00e9tica Dental Press j\u00e1 pode ser consultada no Dental GO<\/a><\/p>\n","protected":false},"excerpt":{"rendered":"<p>Voc\u00ea j\u00e1 imaginou transformar sua paix\u00e3o por est\u00e9tica em uma carreira emocionante? Se voc\u00ea \u00e9 apaixonado pelos tons audaciosos e elegantes do vermelho e do branco, nosso Curso de Aperfei\u00e7oamento em Est\u00e9tica Vermelha e Branca \u00e9 feito sob medida para voc\u00ea! Prepare-se para mergulhar no fascinante mundo da est\u00e9tica, explorando t\u00e9cnicas inovadoras que transformam o<\/p>\n","protected":false},"author":5,"featured_media":44069,"comment_status":"open","ping_status":"open","sticky":false,"template":"","format":"standard","meta":{"footnotes":""},"categories":[3812,3592,4544],"tags":[2093,4473,597,419,4671],"class_list":{"0":"post-44068","1":"post","2":"type-post","3":"status-publish","4":"format-standard","5":"has-post-thumbnail","7":"category-aperfeicoamento","8":"category-dental-press-cursos","9":"category-nao-listar","10":"tag-aperfeicoamento","11":"tag-branca","12":"tag-curso","13":"tag-estetica","14":"tag-vemelha"},"aioseo_notices":[],"amp_enabled":true,"_links":{"self":[{"href":"https:\/\/dentalpress.com.br\/portal\/wp-json\/wp\/v2\/posts\/44068","targetHints":{"allow":["GET"]}}],"collection":[{"href":"https:\/\/dentalpress.com.br\/portal\/wp-json\/wp\/v2\/posts"}],"about":[{"href":"https:\/\/dentalpress.com.br\/portal\/wp-json\/wp\/v2\/types\/post"}],"author":[{"embeddable":true,"href":"https:\/\/dentalpress.com.br\/portal\/wp-json\/wp\/v2\/users\/5"}],"replies":[{"embeddable":true,"href":"https:\/\/dentalpress.com.br\/portal\/wp-json\/wp\/v2\/comments?post=44068"}],"version-history":[{"count":1,"href":"https:\/\/dentalpress.com.br\/portal\/wp-json\/wp\/v2\/posts\/44068\/revisions"}],"predecessor-version":[{"id":44070,"href":"https:\/\/dentalpress.com.br\/portal\/wp-json\/wp\/v2\/posts\/44068\/revisions\/44070"}],"wp:featuredmedia":[{"embeddable":true,"href":"https:\/\/dentalpress.com.br\/portal\/wp-json\/wp\/v2\/media\/44069"}],"wp:attachment":[{"href":"https:\/\/dentalpress.com.br\/portal\/wp-json\/wp\/v2\/media?parent=44068"}],"wp:term":[{"taxonomy":"category","embeddable":true,"href":"https:\/\/dentalpress.com.br\/portal\/wp-json\/wp\/v2\/categories?post=44068"},{"taxonomy":"post_tag","embeddable":true,"href":"https:\/\/dentalpress.com.br\/portal\/wp-json\/wp\/v2\/tags?post=44068"}],"curies":[{"name":"wp","href":"https:\/\/api.w.org\/{rel}","templated":true}]}}